{"id":123393,"date":"2023-10-26T10:20:42","date_gmt":"2023-10-26T13:20:42","guid":{"rendered":"https:\/\/eldiariodesanpedro.com.ar\/sitio\/?p=123393"},"modified":"2023-10-26T10:20:44","modified_gmt":"2023-10-26T13:20:44","slug":"continuidad-de-los-talleres-del-plan-estrategico-san-pedro-2050","status":"publish","type":"post","link":"https:\/\/eldiariodesanpedro.com.ar\/sitio\/continuidad-de-los-talleres-del-plan-estrategico-san-pedro-2050\/","title":{"rendered":"Continuidad de los talleres del Plan Estrat\u00e9gico San Pedro 2050"},"content":{"rendered":"<!-- VideographyWP Plugin Message: Automatic video embedding prevented by plugin options. -->\n\n<p>Se concret\u00f3 este mi\u00e9rcoles en la sede de la Liga Deportiva Sampedrina el primero de los tres talleres programados para esta semana en el marco del Plan Estrat\u00e9gico San Pedro 2050 que lleva adelante el gobierno del Intendente Cecilio Salazar.<\/p>\n\n\n\n<p>A trav\u00e9s de un taller participativo coordinado por el equipo de la consultora Urbanteo que cont\u00f3 con una buena concurrencia de diferentes actores sociales (l\u00edderes comunitarios, emprendedores, educadores) se desarroll\u00f3 el encuentro que abord\u00f3 diferentes ejes propuestos por los moderadores con la tem\u00e1tica \u201cEscala Barrial, zona centro\u201d planteando, desde la perspectiva de nuestra comunidad, diferentes opiniones e intercambios alrededor de las necesidades, virtudes y defectos de nuestra ciudad, espec\u00edficamente en esta actividad de la ciudad cabecera del Partido de San Pedro, m\u00e1s adelante se abordar\u00e1n las relacionadas a las localidades.<\/p>\n\n\n\n<p>Las actividades continuar\u00e1n a las 17.00 hs. en el mismo espacio de Fray Cayetano Rodr\u00edguez N\u00b0 50 con la tem\u00e1tica \u201cParque Agroindustrial\u201d dirigida a empresarios, emprendedores, trabajadores y aquellos que est\u00e9n directamente relacionados con el fortalecimiento del ecosistema productivo de San Pedro.<\/p>\n\n\n\n<p>El jueves 26 de octubre a las 17.00 horas, a trav\u00e9s de la plataforma Zoom, se llevar\u00e1 a cabo el taller \u201cEquidad Social\u201d dirigido a referentes sociales, educadores, emprendedores y todos aquellos que est\u00e9n directamente relacionados con la construcci\u00f3n de una ciudad m\u00e1s justa y equitativa. Para acceder al encuentro previamente deber\u00e1n confirmar asistencia a trav\u00e9s del siguiente Link: <a href=\"https:\/\/bit.ly\/asistenciaT2\">https:\/\/bit.ly\/asistenciaT2<\/a> y en el momento del taller acceder a la reuni\u00f3n con el siguiente enlace: <a href=\"https:\/\/bit.ly\/SanPedro2050\">https:\/\/bit.ly\/SanPedro2050<\/a>.<\/p>\n\n\n\n<figure class=\"wp-block-image size-full\"><img decoding=\"async\" width=\"945\" height=\"630\" data-attachment-id=\"123395\" data-permalink=\"https:\/\/eldiariodesanpedro.com.ar\/sitio\/continuidad-de-los-talleres-del-plan-estrategico-san-pedro-2050\/imagen-de-whatsapp-2023-10-25-a-las-15-24-09_a55691f9\/\" data-orig-file=\"https:\/\/eldiariodesanpedro.com.ar\/sitio\/wp-content\/uploads\/2023\/10\/Imagen-de-WhatsApp-2023-10-25-a-las-15.24.09_a55691f9.jpg\" data-orig-size=\"945,630\" data-comments-opened=\"0\" data-image-meta=\"{&quot;aperture&quot;:&quot;0&quot;,&quot;credit&quot;:&quot;&quot;,&quot;camera&quot;:&quot;&quot;,&quot;caption&quot;:&quot;&quot;,&quot;created_timestamp&quot;:&quot;0&quot;,&quot;copyright&quot;:&quot;&quot;,&quot;focal_length&quot;:&quot;0&quot;,&quot;iso&quot;:&quot;0&quot;,&quot;shutter_speed&quot;:&quot;0&quot;,&quot;title&quot;:&quot;&quot;,&quot;orientation&quot;:&quot;0&quot;}\" data-image-title=\"Imagen de WhatsApp 2023-10-25 a las 15.24.09_a55691f9\" data-image-description=\"\" data-image-caption=\"\" data-large-file=\"https:\/\/eldiariodesanpedro.com.ar\/sitio\/wp-content\/uploads\/2023\/10\/Imagen-de-WhatsApp-2023-10-25-a-las-15.24.09_a55691f9.jpg\" data-src=\"https:\/\/eldiariodesanpedro.com.ar\/sitio\/wp-content\/uploads\/2023\/10\/Imagen-de-WhatsApp-2023-10-25-a-las-15.24.09_a55691f9.jpg\" alt=\"\" class=\"wp-image-123395 lazyload\" data-srcset=\"https:\/\/eldiariodesanpedro.com.ar\/sitio\/wp-content\/uploads\/2023\/10\/Imagen-de-WhatsApp-2023-10-25-a-las-15.24.09_a55691f9.jpg 945w, https:\/\/eldiariodesanpedro.com.ar\/sitio\/wp-content\/uploads\/2023\/10\/Imagen-de-WhatsApp-2023-10-25-a-las-15.24.09_a55691f9-300x200.jpg 300w, https:\/\/eldiariodesanpedro.com.ar\/sitio\/wp-content\/uploads\/2023\/10\/Imagen-de-WhatsApp-2023-10-25-a-las-15.24.09_a55691f9-768x512.jpg 768w\" data-sizes=\"(max-width: 945px) 100vw, 945px\" src=\"data:image\/svg+xml;base64,PHN2ZyB3aWR0aD0iMSIgaGVpZ2h0PSIxIiB4bWxucz0iaHR0cDovL3d3dy53My5vcmcvMjAwMC9zdmciPjwvc3ZnPg==\" style=\"--smush-placeholder-width: 945px; --smush-placeholder-aspect-ratio: 945\/630;\" \/><\/figure>\n\n\n\n<figure class=\"wp-block-image size-full\"><img decoding=\"async\" width=\"945\" height=\"630\" data-attachment-id=\"123394\" data-permalink=\"https:\/\/eldiariodesanpedro.com.ar\/sitio\/continuidad-de-los-talleres-del-plan-estrategico-san-pedro-2050\/imagen-de-whatsapp-2023-10-25-a-las-15-24-08_51789b8e\/\" data-orig-file=\"https:\/\/eldiariodesanpedro.com.ar\/sitio\/wp-content\/uploads\/2023\/10\/Imagen-de-WhatsApp-2023-10-25-a-las-15.24.08_51789b8e.jpg\" data-orig-size=\"945,630\" data-comments-opened=\"0\" data-image-meta=\"{&quot;aperture&quot;:&quot;0&quot;,&quot;credit&quot;:&quot;&quot;,&quot;camera&quot;:&quot;&quot;,&quot;caption&quot;:&quot;&quot;,&quot;created_timestamp&quot;:&quot;0&quot;,&quot;copyright&quot;:&quot;&quot;,&quot;focal_length&quot;:&quot;0&quot;,&quot;iso&quot;:&quot;0&quot;,&quot;shutter_speed&quot;:&quot;0&quot;,&quot;title&quot;:&quot;&quot;,&quot;orientation&quot;:&quot;0&quot;}\" data-image-title=\"Imagen de WhatsApp 2023-10-25 a las 15.24.08_51789b8e\" data-image-description=\"\" data-image-caption=\"\" data-large-file=\"https:\/\/eldiariodesanpedro.com.ar\/sitio\/wp-content\/uploads\/2023\/10\/Imagen-de-WhatsApp-2023-10-25-a-las-15.24.08_51789b8e.jpg\" data-src=\"https:\/\/eldiariodesanpedro.com.ar\/sitio\/wp-content\/uploads\/2023\/10\/Imagen-de-WhatsApp-2023-10-25-a-las-15.24.08_51789b8e.jpg\" alt=\"\" class=\"wp-image-123394 lazyload\" data-srcset=\"https:\/\/eldiariodesanpedro.com.ar\/sitio\/wp-content\/uploads\/2023\/10\/Imagen-de-WhatsApp-2023-10-25-a-las-15.24.08_51789b8e.jpg 945w, https:\/\/eldiariodesanpedro.com.ar\/sitio\/wp-content\/uploads\/2023\/10\/Imagen-de-WhatsApp-2023-10-25-a-las-15.24.08_51789b8e-300x200.jpg 300w, https:\/\/eldiariodesanpedro.com.ar\/sitio\/wp-content\/uploads\/2023\/10\/Imagen-de-WhatsApp-2023-10-25-a-las-15.24.08_51789b8e-768x512.jpg 768w\" data-sizes=\"(max-width: 945px) 100vw, 945px\" src=\"data:image\/svg+xml;base64,PHN2ZyB3aWR0aD0iMSIgaGVpZ2h0PSIxIiB4bWxucz0iaHR0cDovL3d3dy53My5vcmcvMjAwMC9zdmciPjwvc3ZnPg==\" style=\"--smush-placeholder-width: 945px; --smush-placeholder-aspect-ratio: 945\/630;\" \/><\/figure>\n","protected":false},"excerpt":{"rendered":"<p>Se concret\u00f3 este mi\u00e9rcoles en la sede de la Liga Deportiva Sampedrina el primero de los tres talleres programados para esta semana en el marco del Plan Estrat\u00e9gico San Pedro 2050 que lleva adelante el gobierno del Intendente Cecilio Salazar. A trav\u00e9s de un taller participativo coordinado por el equipo de la consultora Urbanteo que [&hellip;]<\/p>\n","protected":false},"author":4,"featured_media":123396,"comment_status":"closed","ping_status":"closed","sticky":false,"template":"","format":"standard","meta":{"om_disable_all_campaigns":false,"_jetpack_memberships_contains_paid_content":false,"footnotes":""},"categories":[50,101,2],"tags":[197,696,33,19],"class_list":["post-123393","post","type-post","status-publish","format-standard","has-post-thumbnail","hentry","category-destacadas","category-interes-general-locales","category-locales","tag-buenos-aires","tag-interes-general","tag-locales","tag-san-pedro"],"aioseo_notices":[],"gutentor_comment":0,"jetpack_featured_media_url":"https:\/\/eldiariodesanpedro.com.ar\/sitio\/wp-content\/uploads\/2023\/10\/Imagen-de-WhatsApp-2023-10-25-a-las-15.24.12_b4edaf91.jpg","jetpack_shortlink":"https:\/\/wp.me\/p6RhLt-w6d","jetpack_sharing_enabled":true,"_links":{"self":[{"href":"https:\/\/eldiariodesanpedro.com.ar\/sitio\/wp-json\/wp\/v2\/posts\/123393","targetHints":{"allow":["GET"]}}],"collection":[{"href":"https:\/\/eldiariodesanpedro.com.ar\/sitio\/wp-json\/wp\/v2\/posts"}],"about":[{"href":"https:\/\/eldiariodesanpedro.com.ar\/sitio\/wp-json\/wp\/v2\/types\/post"}],"author":[{"embeddable":true,"href":"https:\/\/eldiariodesanpedro.com.ar\/sitio\/wp-json\/wp\/v2\/users\/4"}],"replies":[{"embeddable":true,"href":"https:\/\/eldiariodesanpedro.com.ar\/sitio\/wp-json\/wp\/v2\/comments?post=123393"}],"version-history":[{"count":1,"href":"https:\/\/eldiariodesanpedro.com.ar\/sitio\/wp-json\/wp\/v2\/posts\/123393\/revisions"}],"predecessor-version":[{"id":123400,"href":"https:\/\/eldiariodesanpedro.com.ar\/sitio\/wp-json\/wp\/v2\/posts\/123393\/revisions\/123400"}],"wp:featuredmedia":[{"embeddable":true,"href":"https:\/\/eldiariodesanpedro.com.ar\/sitio\/wp-json\/wp\/v2\/media\/123396"}],"wp:attachment":[{"href":"https:\/\/eldiariodesanpedro.com.ar\/sitio\/wp-json\/wp\/v2\/media?parent=123393"}],"wp:term":[{"taxonomy":"category","embeddable":true,"href":"https:\/\/eldiariodesanpedro.com.ar\/sitio\/wp-json\/wp\/v2\/categories?post=123393"},{"taxonomy":"post_tag","embeddable":true,"href":"https:\/\/eldiariodesanpedro.com.ar\/sitio\/wp-json\/wp\/v2\/tags?post=123393"}],"curies":[{"name":"wp","href":"https:\/\/api.w.org\/{rel}","templated":true}]}}