{"id":12339,"date":"2017-01-06T16:47:23","date_gmt":"2017-01-06T19:47:23","guid":{"rendered":"https:\/\/eldiariodesanpedro.com.ar\/sitio\/?p=12339"},"modified":"2017-01-06T16:47:23","modified_gmt":"2017-01-06T19:47:23","slug":"salazar-recibio-al-presidente-del-banco-provincia","status":"publish","type":"post","link":"https:\/\/eldiariodesanpedro.com.ar\/sitio\/salazar-recibio-al-presidente-del-banco-provincia\/","title":{"rendered":"Salazar recibi\u00f3 al Presidente del Banco Provincia"},"content":{"rendered":"<p><!-- VideographyWP Plugin Message: Automatic video embedding prevented by plugin options. --><br \/>\nEste jueves, despu\u00e9s de haber inaugurado el ala de pediatr\u00eda, el Intendente Cecilio Salazar recibi\u00f3 en su despacho al Presidente del Banco Provincia Juan Curuchet.<\/p>\n<p>\u00abMar\u00eda Eugenia Vidal insiste con que estemos en la calle, en la ruta, cerca de la gente\u00bb, dijo Curuchet y revel\u00f3: \u00abMe llevo la idea de hablar con el Presidente del Banco Central, para buscar la manera de prestar d\u00f3lares a largo plazo para la producci\u00f3n con perfil exportador\u00bb.<\/p>\n<p>En el mismo sentido comunic\u00f3: \u00abCon Sturzzeneger trabaj\u00e9 en el Banco Ciudad y sabemos que hoy hay 10 mil millones de d\u00f3lares en el Banco Central, a tasa cero, que no se usan en la econom\u00eda real\u00bb.<\/p>\n<p>\u00abHemos prestado al sector agroindustrial que significa el 42 por ciento de los pr\u00e9stamos a empresas. Ten\u00edamos 28 mil millones de pesos como meta fijada, y cerramos el a\u00f1o con 32 mil, esto demuestra el dinamismo del sector, y la zona de San Nicol\u00e1s, San Pedro, Baradero tiene que estar por encima de la media\u00bb.<\/p>\n<p>Salazar y Curuchet participaron de la presentaci\u00f3n de las nuevas salas de Ruta 9 Group. <\/p>\n","protected":false},"excerpt":{"rendered":"<p>Este jueves, despu\u00e9s de haber inaugurado el ala de pediatr\u00eda, el Intendente Cecilio Salazar recibi\u00f3 en su despacho al Presidente del Banco Provincia Juan Curuchet. \u00abMar\u00eda Eugenia Vidal insiste con que estemos en la calle, en la ruta, cerca de la gente\u00bb, dijo Curuchet y revel\u00f3: \u00abMe llevo la idea de hablar con el Presidente [&hellip;]<\/p>\n","protected":false},"author":4,"featured_media":12340,"comment_status":"open","ping_status":"closed","sticky":false,"template":"","format":"standard","meta":{"om_disable_all_campaigns":false,"_jetpack_memberships_contains_paid_content":false,"footnotes":""},"categories":[50,101,2],"tags":[],"class_list":["post-12339","post","type-post","status-publish","format-standard","has-post-thumbnail","hentry","category-destacadas","category-interes-general-locales","category-locales"],"aioseo_notices":[],"gutentor_comment":0,"jetpack_featured_media_url":"https:\/\/eldiariodesanpedro.com.ar\/sitio\/wp-content\/uploads\/2017\/01\/DSC_0017-1-e1483732023116.jpg","jetpack_shortlink":"https:\/\/wp.me\/p6RhLt-3d1","jetpack_sharing_enabled":true,"_links":{"self":[{"href":"https:\/\/eldiariodesanpedro.com.ar\/sitio\/wp-json\/wp\/v2\/posts\/12339","targetHints":{"allow":["GET"]}}],"collection":[{"href":"https:\/\/eldiariodesanpedro.com.ar\/sitio\/wp-json\/wp\/v2\/posts"}],"about":[{"href":"https:\/\/eldiariodesanpedro.com.ar\/sitio\/wp-json\/wp\/v2\/types\/post"}],"author":[{"embeddable":true,"href":"https:\/\/eldiariodesanpedro.com.ar\/sitio\/wp-json\/wp\/v2\/users\/4"}],"replies":[{"embeddable":true,"href":"https:\/\/eldiariodesanpedro.com.ar\/sitio\/wp-json\/wp\/v2\/comments?post=12339"}],"version-history":[{"count":1,"href":"https:\/\/eldiariodesanpedro.com.ar\/sitio\/wp-json\/wp\/v2\/posts\/12339\/revisions"}],"predecessor-version":[{"id":12341,"href":"https:\/\/eldiariodesanpedro.com.ar\/sitio\/wp-json\/wp\/v2\/posts\/12339\/revisions\/12341"}],"wp:featuredmedia":[{"embeddable":true,"href":"https:\/\/eldiariodesanpedro.com.ar\/sitio\/wp-json\/wp\/v2\/media\/12340"}],"wp:attachment":[{"href":"https:\/\/eldiariodesanpedro.com.ar\/sitio\/wp-json\/wp\/v2\/media?parent=12339"}],"wp:term":[{"taxonomy":"category","embeddable":true,"href":"https:\/\/eldiariodesanpedro.com.ar\/sitio\/wp-json\/wp\/v2\/categories?post=12339"},{"taxonomy":"post_tag","embeddable":true,"href":"https:\/\/eldiariodesanpedro.com.ar\/sitio\/wp-json\/wp\/v2\/tags?post=12339"}],"curies":[{"name":"wp","href":"https:\/\/api.w.org\/{rel}","templated":true}]}}