{"id":123376,"date":"2023-10-25T12:15:20","date_gmt":"2023-10-25T15:15:20","guid":{"rendered":"https:\/\/eldiariodesanpedro.com.ar\/sitio\/?p=123376"},"modified":"2023-10-25T12:17:04","modified_gmt":"2023-10-25T15:17:04","slug":"buscan-a-un-delincuente-se-robo-la-placa-de-la-biblioteca-popular-rafael-obligado","status":"publish","type":"post","link":"https:\/\/eldiariodesanpedro.com.ar\/sitio\/buscan-a-un-delincuente-se-robo-la-placa-de-la-biblioteca-popular-rafael-obligado\/","title":{"rendered":"Buscan a un delincuente se rob\u00f3 la placa de la Biblioteca Popular Rafael Obligado"},"content":{"rendered":"<!-- VideographyWP Plugin Message: Automatic video embedding prevented by plugin options. -->\n\n<p>El hecho ocurri\u00f3 en la madrugada del d\u00eda 20 pasado, donde quedo registrado a una persona en una c\u00e1mara de seguridad de la zona cuando se llevaba la placa.<\/p>\n\n\n\n<p>Este martes se conoci\u00f3 por redes sociales el video de un delincuente que robo la placa idetificatoria de la Biblioteca Popular Rafael Obligado, en el mismo se puede ver como esta persona llega en su bicicleta y extrae la placa de metal empotrada en la pared.<\/p>\n\n\n\n<p>Por parte de la comisi\u00f3n de la biblioteca se inform\u00f3 \u00abPor favor, necesitamos recuperarla porque es patrimonio de todos los sampedrinos\u00bb<\/p>\n\n\n\n<figure class=\"wp-block-image size-full\"><img decoding=\"async\" width=\"523\" height=\"515\" data-attachment-id=\"123379\" data-permalink=\"https:\/\/eldiariodesanpedro.com.ar\/sitio\/buscan-a-un-delincuente-se-robo-la-placa-de-la-biblioteca-popular-rafael-obligado\/1698197517357136-1\/\" data-orig-file=\"https:\/\/eldiariodesanpedro.com.ar\/sitio\/wp-content\/uploads\/2023\/10\/1698197517357136-1.jpg\" data-orig-size=\"523,515\" data-comments-opened=\"0\" data-image-meta=\"{&quot;aperture&quot;:&quot;0&quot;,&quot;credit&quot;:&quot;&quot;,&quot;camera&quot;:&quot;&quot;,&quot;caption&quot;:&quot;&quot;,&quot;created_timestamp&quot;:&quot;0&quot;,&quot;copyright&quot;:&quot;&quot;,&quot;focal_length&quot;:&quot;0&quot;,&quot;iso&quot;:&quot;0&quot;,&quot;shutter_speed&quot;:&quot;0&quot;,&quot;title&quot;:&quot;&quot;,&quot;orientation&quot;:&quot;0&quot;}\" data-image-title=\"1698197517357136-1\" data-image-description=\"\" data-image-caption=\"\" data-large-file=\"https:\/\/eldiariodesanpedro.com.ar\/sitio\/wp-content\/uploads\/2023\/10\/1698197517357136-1.jpg\" data-src=\"https:\/\/eldiariodesanpedro.com.ar\/sitio\/wp-content\/uploads\/2023\/10\/1698197517357136-1.jpg\" alt=\"\" class=\"wp-image-123379 lazyload\" data-srcset=\"https:\/\/eldiariodesanpedro.com.ar\/sitio\/wp-content\/uploads\/2023\/10\/1698197517357136-1.jpg 523w, https:\/\/eldiariodesanpedro.com.ar\/sitio\/wp-content\/uploads\/2023\/10\/1698197517357136-1-300x295.jpg 300w\" data-sizes=\"(max-width: 523px) 100vw, 523px\" src=\"data:image\/svg+xml;base64,PHN2ZyB3aWR0aD0iMSIgaGVpZ2h0PSIxIiB4bWxucz0iaHR0cDovL3d3dy53My5vcmcvMjAwMC9zdmciPjwvc3ZnPg==\" style=\"--smush-placeholder-width: 523px; --smush-placeholder-aspect-ratio: 523\/515;\" \/><\/figure>\n","protected":false},"excerpt":{"rendered":"<p>El hecho ocurri\u00f3 en la madrugada del d\u00eda 20 pasado, donde quedo registrado a una persona en una c\u00e1mara de seguridad de la zona cuando se llevaba la placa. Este martes se conoci\u00f3 por redes sociales el video de un delincuente que robo la placa idetificatoria de la Biblioteca Popular Rafael Obligado, en el mismo [&hellip;]<\/p>\n","protected":false},"author":4,"featured_media":123377,"comment_status":"closed","ping_status":"closed","sticky":false,"template":"","format":"standard","meta":{"om_disable_all_campaigns":false,"_jetpack_memberships_contains_paid_content":false,"footnotes":""},"categories":[2,103],"tags":[197,33,95,19],"class_list":["post-123376","post","type-post","status-publish","format-standard","has-post-thumbnail","hentry","category-locales","category-policiales-locales","tag-buenos-aires","tag-locales","tag-policiales","tag-san-pedro"],"aioseo_notices":[],"gutentor_comment":0,"jetpack_featured_media_url":"https:\/\/eldiariodesanpedro.com.ar\/sitio\/wp-content\/uploads\/2023\/10\/medida-25.png","jetpack_shortlink":"https:\/\/wp.me\/p6RhLt-w5W","jetpack_sharing_enabled":true,"_links":{"self":[{"href":"https:\/\/eldiariodesanpedro.com.ar\/sitio\/wp-json\/wp\/v2\/posts\/123376","targetHints":{"allow":["GET"]}}],"collection":[{"href":"https:\/\/eldiariodesanpedro.com.ar\/sitio\/wp-json\/wp\/v2\/posts"}],"about":[{"href":"https:\/\/eldiariodesanpedro.com.ar\/sitio\/wp-json\/wp\/v2\/types\/post"}],"author":[{"embeddable":true,"href":"https:\/\/eldiariodesanpedro.com.ar\/sitio\/wp-json\/wp\/v2\/users\/4"}],"replies":[{"embeddable":true,"href":"https:\/\/eldiariodesanpedro.com.ar\/sitio\/wp-json\/wp\/v2\/comments?post=123376"}],"version-history":[{"count":2,"href":"https:\/\/eldiariodesanpedro.com.ar\/sitio\/wp-json\/wp\/v2\/posts\/123376\/revisions"}],"predecessor-version":[{"id":123380,"href":"https:\/\/eldiariodesanpedro.com.ar\/sitio\/wp-json\/wp\/v2\/posts\/123376\/revisions\/123380"}],"wp:featuredmedia":[{"embeddable":true,"href":"https:\/\/eldiariodesanpedro.com.ar\/sitio\/wp-json\/wp\/v2\/media\/123377"}],"wp:attachment":[{"href":"https:\/\/eldiariodesanpedro.com.ar\/sitio\/wp-json\/wp\/v2\/media?parent=123376"}],"wp:term":[{"taxonomy":"category","embeddable":true,"href":"https:\/\/eldiariodesanpedro.com.ar\/sitio\/wp-json\/wp\/v2\/categories?post=123376"},{"taxonomy":"post_tag","embeddable":true,"href":"https:\/\/eldiariodesanpedro.com.ar\/sitio\/wp-json\/wp\/v2\/tags?post=123376"}],"curies":[{"name":"wp","href":"https:\/\/api.w.org\/{rel}","templated":true}]}}