{"id":123374,"date":"2023-10-25T11:47:40","date_gmt":"2023-10-25T14:47:40","guid":{"rendered":"https:\/\/eldiariodesanpedro.com.ar\/sitio\/?p=123374"},"modified":"2023-10-25T11:47:42","modified_gmt":"2023-10-25T14:47:42","slug":"denuncia-por-parte-de-la-pastoral-de-nuestra-senora-del-socorro","status":"publish","type":"post","link":"https:\/\/eldiariodesanpedro.com.ar\/sitio\/denuncia-por-parte-de-la-pastoral-de-nuestra-senora-del-socorro\/","title":{"rendered":"Denuncia por parte de la Pastoral de Nuestra Se\u00f1ora del Socorro"},"content":{"rendered":"<!-- VideographyWP Plugin Message: Automatic video embedding prevented by plugin options. -->\n\n<p>En la jornada de ayer en la comisaria de nuestra ciudad un miembro de la pastoral de la Iglesia Nuestra se\u00f1ora del Socorro realizo la denuncia por el robo de una placa.<\/p>\n\n\n\n<p>Este martes un ciudadano de 64 a\u00f1os y miembro parte de la pastoral de nuestra iglesia, denuncio que toma conocimiento por parte del Padre H\u00e9ctor que en la jornada de ayer previo da\u00f1ar mamposter\u00eda autores ignorados sustraen placa en memoria de Monse\u00f1or Bottaro la cual estaba colocada en el frente de la edificaci\u00f3n.<\/p>\n","protected":false},"excerpt":{"rendered":"<p>En la jornada de ayer en la comisaria de nuestra ciudad un miembro de la pastoral de la Iglesia Nuestra se\u00f1ora del Socorro realizo la denuncia por el robo de una placa. Este martes un ciudadano de 64 a\u00f1os y miembro parte de la pastoral de nuestra iglesia, denuncio que toma conocimiento por parte del [&hellip;]<\/p>\n","protected":false},"author":4,"featured_media":59271,"comment_status":"closed","ping_status":"closed","sticky":false,"template":"","format":"standard","meta":{"om_disable_all_campaigns":false,"_jetpack_memberships_contains_paid_content":false,"footnotes":""},"categories":[2,103],"tags":[197,696,33,19],"class_list":["post-123374","post","type-post","status-publish","format-standard","has-post-thumbnail","hentry","category-locales","category-policiales-locales","tag-buenos-aires","tag-interes-general","tag-locales","tag-san-pedro"],"aioseo_notices":[],"gutentor_comment":0,"jetpack_featured_media_url":"https:\/\/eldiariodesanpedro.com.ar\/sitio\/wp-content\/uploads\/2019\/09\/Iglesia-Socorro.jpg","jetpack_shortlink":"https:\/\/wp.me\/p6RhLt-w5U","jetpack_sharing_enabled":true,"_links":{"self":[{"href":"https:\/\/eldiariodesanpedro.com.ar\/sitio\/wp-json\/wp\/v2\/posts\/123374","targetHints":{"allow":["GET"]}}],"collection":[{"href":"https:\/\/eldiariodesanpedro.com.ar\/sitio\/wp-json\/wp\/v2\/posts"}],"about":[{"href":"https:\/\/eldiariodesanpedro.com.ar\/sitio\/wp-json\/wp\/v2\/types\/post"}],"author":[{"embeddable":true,"href":"https:\/\/eldiariodesanpedro.com.ar\/sitio\/wp-json\/wp\/v2\/users\/4"}],"replies":[{"embeddable":true,"href":"https:\/\/eldiariodesanpedro.com.ar\/sitio\/wp-json\/wp\/v2\/comments?post=123374"}],"version-history":[{"count":1,"href":"https:\/\/eldiariodesanpedro.com.ar\/sitio\/wp-json\/wp\/v2\/posts\/123374\/revisions"}],"predecessor-version":[{"id":123375,"href":"https:\/\/eldiariodesanpedro.com.ar\/sitio\/wp-json\/wp\/v2\/posts\/123374\/revisions\/123375"}],"wp:featuredmedia":[{"embeddable":true,"href":"https:\/\/eldiariodesanpedro.com.ar\/sitio\/wp-json\/wp\/v2\/media\/59271"}],"wp:attachment":[{"href":"https:\/\/eldiariodesanpedro.com.ar\/sitio\/wp-json\/wp\/v2\/media?parent=123374"}],"wp:term":[{"taxonomy":"category","embeddable":true,"href":"https:\/\/eldiariodesanpedro.com.ar\/sitio\/wp-json\/wp\/v2\/categories?post=123374"},{"taxonomy":"post_tag","embeddable":true,"href":"https:\/\/eldiariodesanpedro.com.ar\/sitio\/wp-json\/wp\/v2\/tags?post=123374"}],"curies":[{"name":"wp","href":"https:\/\/api.w.org\/{rel}","templated":true}]}}