{"id":123372,"date":"2023-10-25T11:12:27","date_gmt":"2023-10-25T14:12:27","guid":{"rendered":"https:\/\/eldiariodesanpedro.com.ar\/sitio\/?p=123372"},"modified":"2023-10-25T11:12:29","modified_gmt":"2023-10-25T14:12:29","slug":"se-denuncio-el-intento-de-robo-de-cables-en-papel-prensa","status":"publish","type":"post","link":"https:\/\/eldiariodesanpedro.com.ar\/sitio\/se-denuncio-el-intento-de-robo-de-cables-en-papel-prensa\/","title":{"rendered":"Se denunci\u00f3 el intento de robo de cables en Papel Prensa"},"content":{"rendered":"<!-- VideographyWP Plugin Message: Automatic video embedding prevented by plugin options. -->\n\n<p>En la jornada de ayer, un ciudadano de 67 a\u00f1os denunci\u00f3 que un empleado de la papelera Papel Prensa San Pedro, ubicada en la Ruta 1001 del Parque Industrial San Pedro, cuartel 3ro S\/Nro, inform\u00f3 que el d\u00eda domingo pasado a las 12:00 hs, el personal de seguridad observ\u00f3 que individuos desconocidos ingresaron al interior del predio, cortaron cables y los almacenaron en un \u00e1rea con intenciones il\u00edcitas. No lograron llevar a cabo su objetivo y, hasta el momento, solo se han registrado da\u00f1os materiales. <\/p>\n\n\n\n<p>La UFI N\u00b0 07 est\u00e1 llevando a cabo la investigaci\u00f3n correspondiente.<\/p>\n","protected":false},"excerpt":{"rendered":"<p>En la jornada de ayer, un ciudadano de 67 a\u00f1os denunci\u00f3 que un empleado de la papelera Papel Prensa San Pedro, ubicada en la Ruta 1001 del Parque Industrial San Pedro, cuartel 3ro S\/Nro, inform\u00f3 que el d\u00eda domingo pasado a las 12:00 hs, el personal de seguridad observ\u00f3 que individuos desconocidos ingresaron al interior [&hellip;]<\/p>\n","protected":false},"author":4,"featured_media":7692,"comment_status":"closed","ping_status":"closed","sticky":false,"template":"","format":"standard","meta":{"om_disable_all_campaigns":false,"_jetpack_memberships_contains_paid_content":false,"footnotes":""},"categories":[2,103],"tags":[197,33,95,19],"class_list":["post-123372","post","type-post","status-publish","format-standard","has-post-thumbnail","hentry","category-locales","category-policiales-locales","tag-buenos-aires","tag-locales","tag-policiales","tag-san-pedro"],"aioseo_notices":[],"gutentor_comment":0,"jetpack_featured_media_url":"https:\/\/eldiariodesanpedro.com.ar\/sitio\/wp-content\/uploads\/2016\/08\/papel-prensa.jpg","jetpack_shortlink":"https:\/\/wp.me\/p6RhLt-w5S","jetpack_sharing_enabled":true,"_links":{"self":[{"href":"https:\/\/eldiariodesanpedro.com.ar\/sitio\/wp-json\/wp\/v2\/posts\/123372","targetHints":{"allow":["GET"]}}],"collection":[{"href":"https:\/\/eldiariodesanpedro.com.ar\/sitio\/wp-json\/wp\/v2\/posts"}],"about":[{"href":"https:\/\/eldiariodesanpedro.com.ar\/sitio\/wp-json\/wp\/v2\/types\/post"}],"author":[{"embeddable":true,"href":"https:\/\/eldiariodesanpedro.com.ar\/sitio\/wp-json\/wp\/v2\/users\/4"}],"replies":[{"embeddable":true,"href":"https:\/\/eldiariodesanpedro.com.ar\/sitio\/wp-json\/wp\/v2\/comments?post=123372"}],"version-history":[{"count":1,"href":"https:\/\/eldiariodesanpedro.com.ar\/sitio\/wp-json\/wp\/v2\/posts\/123372\/revisions"}],"predecessor-version":[{"id":123373,"href":"https:\/\/eldiariodesanpedro.com.ar\/sitio\/wp-json\/wp\/v2\/posts\/123372\/revisions\/123373"}],"wp:featuredmedia":[{"embeddable":true,"href":"https:\/\/eldiariodesanpedro.com.ar\/sitio\/wp-json\/wp\/v2\/media\/7692"}],"wp:attachment":[{"href":"https:\/\/eldiariodesanpedro.com.ar\/sitio\/wp-json\/wp\/v2\/media?parent=123372"}],"wp:term":[{"taxonomy":"category","embeddable":true,"href":"https:\/\/eldiariodesanpedro.com.ar\/sitio\/wp-json\/wp\/v2\/categories?post=123372"},{"taxonomy":"post_tag","embeddable":true,"href":"https:\/\/eldiariodesanpedro.com.ar\/sitio\/wp-json\/wp\/v2\/tags?post=123372"}],"curies":[{"name":"wp","href":"https:\/\/api.w.org\/{rel}","templated":true}]}}