{"id":123367,"date":"2023-10-25T10:50:23","date_gmt":"2023-10-25T13:50:23","guid":{"rendered":"https:\/\/eldiariodesanpedro.com.ar\/sitio\/?p=123367"},"modified":"2023-10-25T10:50:25","modified_gmt":"2023-10-25T13:50:25","slug":"el-nuevo-bloque-de-juntos-por-el-cambio-del-hcd-comenzo-las-reuniones","status":"publish","type":"post","link":"https:\/\/eldiariodesanpedro.com.ar\/sitio\/el-nuevo-bloque-de-juntos-por-el-cambio-del-hcd-comenzo-las-reuniones\/","title":{"rendered":"El nuevo bloque de Juntos por el Cambio del HCD comenz\u00f3 las reuniones"},"content":{"rendered":"<!-- VideographyWP Plugin Message: Automatic video embedding prevented by plugin options. -->\n\n<p>Acuerdo Ciudadano San Pedro inform\u00f3 que han comenzado a colaborar con las otras agrupaciones que componen Juntos por el Cambio para establecer los detalles sobre la creaci\u00f3n del bloque de concejales a partir del 10 de diciembre.<\/p>\n\n\n\n<p>En una reuni\u00f3n celebrada este martes, estuvieron presentes los concejales electos Mart\u00edn Rivas y Diego Lafalce, adem\u00e1s de los actuales ediles radicales Paola Basso, Hugo Binimellis y Alejandro Donatti.<\/p>\n\n\n\n<p>Rivas, Basso y Lafalce se unir\u00e1n a Pissani, Binimellis, Vanina Cappelletti y Yanina Batalla para conformar un bloque de 7 concejales.<\/p>\n","protected":false},"excerpt":{"rendered":"<p>Acuerdo Ciudadano San Pedro inform\u00f3 que han comenzado a colaborar con las otras agrupaciones que componen Juntos por el Cambio para establecer los detalles sobre la creaci\u00f3n del bloque de concejales a partir del 10 de diciembre. En una reuni\u00f3n celebrada este martes, estuvieron presentes los concejales electos Mart\u00edn Rivas y Diego Lafalce, adem\u00e1s de [&hellip;]<\/p>\n","protected":false},"author":4,"featured_media":123368,"comment_status":"closed","ping_status":"closed","sticky":false,"template":"","format":"standard","meta":{"om_disable_all_campaigns":false,"_jetpack_memberships_contains_paid_content":false,"footnotes":""},"categories":[50,101,2],"tags":[197,4564,696,33,19],"class_list":["post-123367","post","type-post","status-publish","format-standard","has-post-thumbnail","hentry","category-destacadas","category-interes-general-locales","category-locales","tag-buenos-aires","tag-el-nuevo-bloque-de-juntos-por-el-cambio-del-hcd-comenzo-las-reuniones","tag-interes-general","tag-locales","tag-san-pedro"],"aioseo_notices":[],"gutentor_comment":0,"jetpack_featured_media_url":"https:\/\/eldiariodesanpedro.com.ar\/sitio\/wp-content\/uploads\/2023\/10\/medida-24.png","jetpack_shortlink":"https:\/\/wp.me\/p6RhLt-w5N","jetpack_sharing_enabled":true,"_links":{"self":[{"href":"https:\/\/eldiariodesanpedro.com.ar\/sitio\/wp-json\/wp\/v2\/posts\/123367","targetHints":{"allow":["GET"]}}],"collection":[{"href":"https:\/\/eldiariodesanpedro.com.ar\/sitio\/wp-json\/wp\/v2\/posts"}],"about":[{"href":"https:\/\/eldiariodesanpedro.com.ar\/sitio\/wp-json\/wp\/v2\/types\/post"}],"author":[{"embeddable":true,"href":"https:\/\/eldiariodesanpedro.com.ar\/sitio\/wp-json\/wp\/v2\/users\/4"}],"replies":[{"embeddable":true,"href":"https:\/\/eldiariodesanpedro.com.ar\/sitio\/wp-json\/wp\/v2\/comments?post=123367"}],"version-history":[{"count":1,"href":"https:\/\/eldiariodesanpedro.com.ar\/sitio\/wp-json\/wp\/v2\/posts\/123367\/revisions"}],"predecessor-version":[{"id":123369,"href":"https:\/\/eldiariodesanpedro.com.ar\/sitio\/wp-json\/wp\/v2\/posts\/123367\/revisions\/123369"}],"wp:featuredmedia":[{"embeddable":true,"href":"https:\/\/eldiariodesanpedro.com.ar\/sitio\/wp-json\/wp\/v2\/media\/123368"}],"wp:attachment":[{"href":"https:\/\/eldiariodesanpedro.com.ar\/sitio\/wp-json\/wp\/v2\/media?parent=123367"}],"wp:term":[{"taxonomy":"category","embeddable":true,"href":"https:\/\/eldiariodesanpedro.com.ar\/sitio\/wp-json\/wp\/v2\/categories?post=123367"},{"taxonomy":"post_tag","embeddable":true,"href":"https:\/\/eldiariodesanpedro.com.ar\/sitio\/wp-json\/wp\/v2\/tags?post=123367"}],"curies":[{"name":"wp","href":"https:\/\/api.w.org\/{rel}","templated":true}]}}