{"id":123362,"date":"2023-10-24T14:25:45","date_gmt":"2023-10-24T17:25:45","guid":{"rendered":"https:\/\/eldiariodesanpedro.com.ar\/sitio\/?p=123362"},"modified":"2023-10-24T14:25:47","modified_gmt":"2023-10-24T17:25:47","slug":"robaron-aire-acondicionados-de-la-escuela-12","status":"publish","type":"post","link":"https:\/\/eldiariodesanpedro.com.ar\/sitio\/robaron-aire-acondicionados-de-la-escuela-12\/","title":{"rendered":"Robaron aire acondicionados de la escuela 12"},"content":{"rendered":"<!-- VideographyWP Plugin Message: Automatic video embedding prevented by plugin options. -->\n\n<p>La Escuela Secundaria 12, ubicada en el mismo edificio que la Primaria 3, ha experimentado un incidente en las \u00faltimas horas, que involucra la sustracci\u00f3n y da\u00f1o a parte de sus sistemas de aire acondicionado.<\/p>\n\n\n\n<p>El director del colegio, Iv\u00e1n Groppo, ha confirmado la sustracci\u00f3n de tres gabinetes externos que se ubican en uno de los patios. Adem\u00e1s, se ha descubierto un cuarto gabinete que los ladrones aparentemente ten\u00edan previsto llevarse en las pr\u00f3ximas horas.<\/p>\n\n\n\n<p>Estos actos delictivos se est\u00e1n llevando a cabo durante las horas de la madrugada, aprovechando la oscuridad para desmantelar los equipos y llevarlos consigo. Se presume que los perpetradores buscan obtener materiales valiosos para su posterior venta.<\/p>\n\n\n\n<p>Las autoridades ya tienen conocimiento de esta situaci\u00f3n y se espera que se intensifique la vigilancia en la zona. No obstante, se hace un llamado a la comunidad para que no adquiera objetos relacionados con delitos, con el objetivo de no incentivar la repetici\u00f3n de estos incidentes.<\/p>\n","protected":false},"excerpt":{"rendered":"<p>La Escuela Secundaria 12, ubicada en el mismo edificio que la Primaria 3, ha experimentado un incidente en las \u00faltimas horas, que involucra la sustracci\u00f3n y da\u00f1o a parte de sus sistemas de aire acondicionado. El director del colegio, Iv\u00e1n Groppo, ha confirmado la sustracci\u00f3n de tres gabinetes externos que se ubican en uno de [&hellip;]<\/p>\n","protected":false},"author":4,"featured_media":123363,"comment_status":"closed","ping_status":"closed","sticky":false,"template":"","format":"standard","meta":{"om_disable_all_campaigns":false,"_jetpack_memberships_contains_paid_content":false,"footnotes":""},"categories":[50,2,103],"tags":[197,33,95,19],"class_list":["post-123362","post","type-post","status-publish","format-standard","has-post-thumbnail","hentry","category-destacadas","category-locales","category-policiales-locales","tag-buenos-aires","tag-locales","tag-policiales","tag-san-pedro"],"aioseo_notices":[],"gutentor_comment":0,"jetpack_featured_media_url":"https:\/\/eldiariodesanpedro.com.ar\/sitio\/wp-content\/uploads\/2023\/10\/Robo-aires-Secundaria-12-1.jpg","jetpack_shortlink":"https:\/\/wp.me\/p6RhLt-w5I","jetpack_sharing_enabled":true,"_links":{"self":[{"href":"https:\/\/eldiariodesanpedro.com.ar\/sitio\/wp-json\/wp\/v2\/posts\/123362","targetHints":{"allow":["GET"]}}],"collection":[{"href":"https:\/\/eldiariodesanpedro.com.ar\/sitio\/wp-json\/wp\/v2\/posts"}],"about":[{"href":"https:\/\/eldiariodesanpedro.com.ar\/sitio\/wp-json\/wp\/v2\/types\/post"}],"author":[{"embeddable":true,"href":"https:\/\/eldiariodesanpedro.com.ar\/sitio\/wp-json\/wp\/v2\/users\/4"}],"replies":[{"embeddable":true,"href":"https:\/\/eldiariodesanpedro.com.ar\/sitio\/wp-json\/wp\/v2\/comments?post=123362"}],"version-history":[{"count":1,"href":"https:\/\/eldiariodesanpedro.com.ar\/sitio\/wp-json\/wp\/v2\/posts\/123362\/revisions"}],"predecessor-version":[{"id":123364,"href":"https:\/\/eldiariodesanpedro.com.ar\/sitio\/wp-json\/wp\/v2\/posts\/123362\/revisions\/123364"}],"wp:featuredmedia":[{"embeddable":true,"href":"https:\/\/eldiariodesanpedro.com.ar\/sitio\/wp-json\/wp\/v2\/media\/123363"}],"wp:attachment":[{"href":"https:\/\/eldiariodesanpedro.com.ar\/sitio\/wp-json\/wp\/v2\/media?parent=123362"}],"wp:term":[{"taxonomy":"category","embeddable":true,"href":"https:\/\/eldiariodesanpedro.com.ar\/sitio\/wp-json\/wp\/v2\/categories?post=123362"},{"taxonomy":"post_tag","embeddable":true,"href":"https:\/\/eldiariodesanpedro.com.ar\/sitio\/wp-json\/wp\/v2\/tags?post=123362"}],"curies":[{"name":"wp","href":"https:\/\/api.w.org\/{rel}","templated":true}]}}