{"id":123359,"date":"2023-10-24T14:15:44","date_gmt":"2023-10-24T17:15:44","guid":{"rendered":"https:\/\/eldiariodesanpedro.com.ar\/sitio\/?p=123359"},"modified":"2023-10-24T14:15:46","modified_gmt":"2023-10-24T17:15:46","slug":"continua-el-plan-estrategico-2050-con-tres-talleres-virtuales","status":"publish","type":"post","link":"https:\/\/eldiariodesanpedro.com.ar\/sitio\/continua-el-plan-estrategico-2050-con-tres-talleres-virtuales\/","title":{"rendered":"Contin\u00faa el Plan Estrat\u00e9gico 2050 con tres talleres virtuales"},"content":{"rendered":"<!-- VideographyWP Plugin Message: Automatic video embedding prevented by plugin options. -->\n\n<p>Esta semana se realizar\u00e1n talleres en el marco del Plan Estrat\u00e9gico San Pedro 2050 liderado por el Intendente Cecilio Salazar. Las actividades se llevar\u00e1n a cabo el mi\u00e9rcoles 25 de octubre en la Liga Deportiva Sampedrina, ubicada en Fray Cayetano Rodr\u00edguez N\u00b0 50.<\/p>\n\n\n\n<p>El primer taller, denominado \u00abEscala Barrial, zona centro,\u00bb est\u00e1 dirigido a actores sociales, l\u00edderes comunitarios, emprendedores, educadores y residentes urbanos de la ciudad. Los interesados en participar deben confirmar su asistencia a trav\u00e9s del siguiente enlace: <a href=\"https:\/\/bit.ly\/asistenciaTaller3\">https:\/\/bit.ly\/asistenciaTaller3<\/a>.<\/p>\n\n\n\n<p>En segundo lugar, el mi\u00e9rcoles 25 de octubre a las 17.00 horas se llevar\u00e1 a cabo el segundo taller de la semana con el tema \u00abParque Agroindustrial.\u00bb Este taller est\u00e1 orientado a empresarios, emprendedores, trabajadores y personas relacionadas con el fortalecimiento del ecosistema productivo de San Pedro. La actividad se realizar\u00e1 en la Liga Deportiva Sampedrina (Fray Cayetano Rodr\u00edguez N\u00b0 50), y quienes deseen participar deben confirmar su asistencia a trav\u00e9s del siguiente enlace: <a href=\"https:\/\/bit.ly\/asistenciaTallerParque\">https:\/\/bit.ly\/asistenciaTallerParque<\/a>.<\/p>\n\n\n\n<p>Finalmente, el jueves 26 de octubre a las 17.00 horas, se llevar\u00e1 a cabo el taller \u00abEquidad Social\u00bb de manera virtual. Este taller est\u00e1 dirigido a referentes sociales, educadores, emprendedores y personas involucradas en la construcci\u00f3n de una ciudad m\u00e1s justa y equitativa. Para participar, es necesario contar con la aplicaci\u00f3n Zoom y confirmar la asistencia previamente a trav\u00e9s del siguiente enlace: <a href=\"https:\/\/bit.ly\/asistenciaT2\">https:\/\/bit.ly\/asistenciaT2<\/a>. En el momento del taller, se puede acceder a la reuni\u00f3n con el siguiente enlace: <a href=\"https:\/\/bit.ly\/SanPedro2050\">https:\/\/bit.ly\/SanPedro2050<\/a>.<\/p>\n","protected":false},"excerpt":{"rendered":"<p>Esta semana se realizar\u00e1n talleres en el marco del Plan Estrat\u00e9gico San Pedro 2050 liderado por el Intendente Cecilio Salazar. Las actividades se llevar\u00e1n a cabo el mi\u00e9rcoles 25 de octubre en la Liga Deportiva Sampedrina, ubicada en Fray Cayetano Rodr\u00edguez N\u00b0 50. El primer taller, denominado \u00abEscala Barrial, zona centro,\u00bb est\u00e1 dirigido a actores [&hellip;]<\/p>\n","protected":false},"author":4,"featured_media":123360,"comment_status":"closed","ping_status":"closed","sticky":false,"template":"","format":"standard","meta":{"om_disable_all_campaigns":false,"_jetpack_memberships_contains_paid_content":false,"footnotes":""},"categories":[101,2],"tags":[197,696,33,19],"class_list":["post-123359","post","type-post","status-publish","format-standard","has-post-thumbnail","hentry","category-interes-general-locales","category-locales","tag-buenos-aires","tag-interes-general","tag-locales","tag-san-pedro"],"aioseo_notices":[],"gutentor_comment":0,"jetpack_featured_media_url":"https:\/\/eldiariodesanpedro.com.ar\/sitio\/wp-content\/uploads\/2023\/10\/San-Pedro-estrategico.jpg","jetpack_shortlink":"https:\/\/wp.me\/p6RhLt-w5F","jetpack_sharing_enabled":true,"_links":{"self":[{"href":"https:\/\/eldiariodesanpedro.com.ar\/sitio\/wp-json\/wp\/v2\/posts\/123359","targetHints":{"allow":["GET"]}}],"collection":[{"href":"https:\/\/eldiariodesanpedro.com.ar\/sitio\/wp-json\/wp\/v2\/posts"}],"about":[{"href":"https:\/\/eldiariodesanpedro.com.ar\/sitio\/wp-json\/wp\/v2\/types\/post"}],"author":[{"embeddable":true,"href":"https:\/\/eldiariodesanpedro.com.ar\/sitio\/wp-json\/wp\/v2\/users\/4"}],"replies":[{"embeddable":true,"href":"https:\/\/eldiariodesanpedro.com.ar\/sitio\/wp-json\/wp\/v2\/comments?post=123359"}],"version-history":[{"count":1,"href":"https:\/\/eldiariodesanpedro.com.ar\/sitio\/wp-json\/wp\/v2\/posts\/123359\/revisions"}],"predecessor-version":[{"id":123361,"href":"https:\/\/eldiariodesanpedro.com.ar\/sitio\/wp-json\/wp\/v2\/posts\/123359\/revisions\/123361"}],"wp:featuredmedia":[{"embeddable":true,"href":"https:\/\/eldiariodesanpedro.com.ar\/sitio\/wp-json\/wp\/v2\/media\/123360"}],"wp:attachment":[{"href":"https:\/\/eldiariodesanpedro.com.ar\/sitio\/wp-json\/wp\/v2\/media?parent=123359"}],"wp:term":[{"taxonomy":"category","embeddable":true,"href":"https:\/\/eldiariodesanpedro.com.ar\/sitio\/wp-json\/wp\/v2\/categories?post=123359"},{"taxonomy":"post_tag","embeddable":true,"href":"https:\/\/eldiariodesanpedro.com.ar\/sitio\/wp-json\/wp\/v2\/tags?post=123359"}],"curies":[{"name":"wp","href":"https:\/\/api.w.org\/{rel}","templated":true}]}}