{"id":123357,"date":"2023-10-24T14:07:35","date_gmt":"2023-10-24T17:07:35","guid":{"rendered":"https:\/\/eldiariodesanpedro.com.ar\/sitio\/?p=123357"},"modified":"2023-10-24T14:07:38","modified_gmt":"2023-10-24T17:07:38","slug":"el-gobierno-desmintio-que-el-feriado-previsto-para-el-20-de-noviembre-se-traslade-por-el-balotaje","status":"publish","type":"post","link":"https:\/\/eldiariodesanpedro.com.ar\/sitio\/el-gobierno-desmintio-que-el-feriado-previsto-para-el-20-de-noviembre-se-traslade-por-el-balotaje\/","title":{"rendered":"El Gobierno desminti\u00f3 que el feriado previsto para el 20 de noviembre se traslade por el balotaje"},"content":{"rendered":"<!-- VideographyWP Plugin Message: Automatic video embedding prevented by plugin options. -->\n\n<p>Luego de versiones contradictorias, el gobierno nacional anunci\u00f3 hoy que no modificar\u00e1 el calendario y mantendr\u00e1 el feriado del 20 de noviembre por el D\u00eda de la Soberan\u00eda Nacional. Este d\u00eda libre ser\u00e1 un d\u00eda despu\u00e9s del balotaje que definir\u00e1 al pr\u00f3ximo presidente entre Sergio Massa y Javier Milei.<\/p>\n\n\n\n<p>La versi\u00f3n original hab\u00eda sido confirmada por fuentes gubernamentales, pero la portavoz presidencial, Gabriela Cerrutti, lo neg\u00f3 en sus redes sociales.<\/p>\n\n\n\n<p>Sergio Massa (Uni\u00f3n por la Patria) y Javier Milei (La Libertad Avanza) fueron los candidatos m\u00e1s votados en las elecciones generales del 22 de octubre. La segunda vuelta se llevar\u00e1 a cabo el 19 de noviembre.<\/p>\n\n\n\n<p>La posibilidad de cambiar la fecha del feriado se basaba en la idea de evitar una gran migraci\u00f3n de la poblaci\u00f3n hacia destinos tur\u00edsticos, como suele ocurrir en los fines de semana largos, lo que podr\u00eda disminuir la participaci\u00f3n electoral.<\/p>\n\n\n\n<p>Tanto las elecciones primarias (PASO) del 13 de agosto como las generales del 22 de octubre tuvieron una baja participaci\u00f3n en comparaci\u00f3n con elecciones previas. En las PASO, vot\u00f3 el 70,4% de los ciudadanos habilitados, y este n\u00famero aument\u00f3 al 77,65% en las elecciones generales. A pesar de ello, estas cifras representan la participaci\u00f3n m\u00e1s baja en una elecci\u00f3n presidencial desde el retorno de la democracia en Argentina en 1983.<\/p>\n","protected":false},"excerpt":{"rendered":"<p>Luego de versiones contradictorias, el gobierno nacional anunci\u00f3 hoy que no modificar\u00e1 el calendario y mantendr\u00e1 el feriado del 20 de noviembre por el D\u00eda de la Soberan\u00eda Nacional. Este d\u00eda libre ser\u00e1 un d\u00eda despu\u00e9s del balotaje que definir\u00e1 al pr\u00f3ximo presidente entre Sergio Massa y Javier Milei. La versi\u00f3n original hab\u00eda sido confirmada [&hellip;]<\/p>\n","protected":false},"author":4,"featured_media":123255,"comment_status":"closed","ping_status":"closed","sticky":false,"template":"","format":"standard","meta":{"om_disable_all_campaigns":false,"_jetpack_memberships_contains_paid_content":false,"footnotes":""},"categories":[50,101,2],"tags":[197,696,33,19],"class_list":["post-123357","post","type-post","status-publish","format-standard","has-post-thumbnail","hentry","category-destacadas","category-interes-general-locales","category-locales","tag-buenos-aires","tag-interes-general","tag-locales","tag-san-pedro"],"aioseo_notices":[],"gutentor_comment":0,"jetpack_featured_media_url":"https:\/\/eldiariodesanpedro.com.ar\/sitio\/wp-content\/uploads\/2023\/10\/Imagen-de-WhatsApp-2023-10-22-a-las-10.26.48_865abc9c.jpg","jetpack_shortlink":"https:\/\/wp.me\/p6RhLt-w5D","jetpack_sharing_enabled":true,"_links":{"self":[{"href":"https:\/\/eldiariodesanpedro.com.ar\/sitio\/wp-json\/wp\/v2\/posts\/123357","targetHints":{"allow":["GET"]}}],"collection":[{"href":"https:\/\/eldiariodesanpedro.com.ar\/sitio\/wp-json\/wp\/v2\/posts"}],"about":[{"href":"https:\/\/eldiariodesanpedro.com.ar\/sitio\/wp-json\/wp\/v2\/types\/post"}],"author":[{"embeddable":true,"href":"https:\/\/eldiariodesanpedro.com.ar\/sitio\/wp-json\/wp\/v2\/users\/4"}],"replies":[{"embeddable":true,"href":"https:\/\/eldiariodesanpedro.com.ar\/sitio\/wp-json\/wp\/v2\/comments?post=123357"}],"version-history":[{"count":1,"href":"https:\/\/eldiariodesanpedro.com.ar\/sitio\/wp-json\/wp\/v2\/posts\/123357\/revisions"}],"predecessor-version":[{"id":123358,"href":"https:\/\/eldiariodesanpedro.com.ar\/sitio\/wp-json\/wp\/v2\/posts\/123357\/revisions\/123358"}],"wp:featuredmedia":[{"embeddable":true,"href":"https:\/\/eldiariodesanpedro.com.ar\/sitio\/wp-json\/wp\/v2\/media\/123255"}],"wp:attachment":[{"href":"https:\/\/eldiariodesanpedro.com.ar\/sitio\/wp-json\/wp\/v2\/media?parent=123357"}],"wp:term":[{"taxonomy":"category","embeddable":true,"href":"https:\/\/eldiariodesanpedro.com.ar\/sitio\/wp-json\/wp\/v2\/categories?post=123357"},{"taxonomy":"post_tag","embeddable":true,"href":"https:\/\/eldiariodesanpedro.com.ar\/sitio\/wp-json\/wp\/v2\/tags?post=123357"}],"curies":[{"name":"wp","href":"https:\/\/api.w.org\/{rel}","templated":true}]}}