{"id":12335,"date":"2017-01-06T16:42:52","date_gmt":"2017-01-06T19:42:52","guid":{"rendered":"https:\/\/eldiariodesanpedro.com.ar\/sitio\/?p=12335"},"modified":"2017-01-06T16:42:52","modified_gmt":"2017-01-06T19:42:52","slug":"reconocimiento-para-bomberos-que-rescataron-a-piero-y-graziano-peduzzu","status":"publish","type":"post","link":"https:\/\/eldiariodesanpedro.com.ar\/sitio\/reconocimiento-para-bomberos-que-rescataron-a-piero-y-graziano-peduzzu\/","title":{"rendered":"Reconocimiento para Bomberos que rescataron a Piero y Graziano Peduzzu"},"content":{"rendered":"<p><!-- VideographyWP Plugin Message: Automatic video embedding prevented by plugin options. --><br \/>\nEl equipo de gobierno recibi\u00f3 hoy en el municipio al cuerpo de bomberos voluntarios que particip\u00f3 del rescate de los hermanos Piero y Graziano Penduzzu que esta semana se vieron afectado por un importante incendio que destruy\u00f3 gran parte de su vivienda.<\/p>\n<p>La dotaci\u00f3n que particip\u00f3 del rescate estuvo encabezada por el Comandante Julian Alemis; e integrada por los Suboficiales Ayudantes Mayores Rom\u00e1n Montenegro y Gabriela Novella; el Suboficial Ayudante Oscar Galv\u00e1n; y las bomberas Susana Navarro y Vanesa \u00c1lvarez.<\/p>\n<p>\u00abEstamos capacitados para esta situaci\u00f3n pero todas las salidas no son iguales. Te encontr\u00e1s con situaciones dif\u00edciles, aunque d\u00eda a d\u00eda nos capacitamos para ser mejores bomberos\u00bb, se\u00f1alaron tras el reconocimiento. <\/p>\n","protected":false},"excerpt":{"rendered":"<p>El equipo de gobierno recibi\u00f3 hoy en el municipio al cuerpo de bomberos voluntarios que particip\u00f3 del rescate de los hermanos Piero y Graziano Penduzzu que esta semana se vieron afectado por un importante incendio que destruy\u00f3 gran parte de su vivienda. La dotaci\u00f3n que particip\u00f3 del rescate estuvo encabezada por el Comandante Julian Alemis; [&hellip;]<\/p>\n","protected":false},"author":4,"featured_media":12336,"comment_status":"open","ping_status":"closed","sticky":false,"template":"","format":"standard","meta":{"om_disable_all_campaigns":false,"_jetpack_memberships_contains_paid_content":false,"footnotes":""},"categories":[50,101,2],"tags":[],"class_list":["post-12335","post","type-post","status-publish","format-standard","has-post-thumbnail","hentry","category-destacadas","category-interes-general-locales","category-locales"],"aioseo_notices":[],"gutentor_comment":0,"jetpack_featured_media_url":"https:\/\/eldiariodesanpedro.com.ar\/sitio\/wp-content\/uploads\/2017\/01\/DSC_0017-e1483731755322.jpg","jetpack_shortlink":"https:\/\/wp.me\/p6RhLt-3cX","jetpack_sharing_enabled":true,"_links":{"self":[{"href":"https:\/\/eldiariodesanpedro.com.ar\/sitio\/wp-json\/wp\/v2\/posts\/12335","targetHints":{"allow":["GET"]}}],"collection":[{"href":"https:\/\/eldiariodesanpedro.com.ar\/sitio\/wp-json\/wp\/v2\/posts"}],"about":[{"href":"https:\/\/eldiariodesanpedro.com.ar\/sitio\/wp-json\/wp\/v2\/types\/post"}],"author":[{"embeddable":true,"href":"https:\/\/eldiariodesanpedro.com.ar\/sitio\/wp-json\/wp\/v2\/users\/4"}],"replies":[{"embeddable":true,"href":"https:\/\/eldiariodesanpedro.com.ar\/sitio\/wp-json\/wp\/v2\/comments?post=12335"}],"version-history":[{"count":1,"href":"https:\/\/eldiariodesanpedro.com.ar\/sitio\/wp-json\/wp\/v2\/posts\/12335\/revisions"}],"predecessor-version":[{"id":12337,"href":"https:\/\/eldiariodesanpedro.com.ar\/sitio\/wp-json\/wp\/v2\/posts\/12335\/revisions\/12337"}],"wp:featuredmedia":[{"embeddable":true,"href":"https:\/\/eldiariodesanpedro.com.ar\/sitio\/wp-json\/wp\/v2\/media\/12336"}],"wp:attachment":[{"href":"https:\/\/eldiariodesanpedro.com.ar\/sitio\/wp-json\/wp\/v2\/media?parent=12335"}],"wp:term":[{"taxonomy":"category","embeddable":true,"href":"https:\/\/eldiariodesanpedro.com.ar\/sitio\/wp-json\/wp\/v2\/categories?post=12335"},{"taxonomy":"post_tag","embeddable":true,"href":"https:\/\/eldiariodesanpedro.com.ar\/sitio\/wp-json\/wp\/v2\/tags?post=12335"}],"curies":[{"name":"wp","href":"https:\/\/api.w.org\/{rel}","templated":true}]}}