{"id":123311,"date":"2023-10-23T12:19:45","date_gmt":"2023-10-23T15:19:45","guid":{"rendered":"https:\/\/eldiariodesanpedro.com.ar\/sitio\/?p=123311"},"modified":"2023-10-23T12:19:49","modified_gmt":"2023-10-23T15:19:49","slug":"tragico-accidente-donde-fallecio-un-ciudadano-en-el-camino-de-guzzo-en-la-manana-de-hoy","status":"publish","type":"post","link":"https:\/\/eldiariodesanpedro.com.ar\/sitio\/tragico-accidente-donde-fallecio-un-ciudadano-en-el-camino-de-guzzo-en-la-manana-de-hoy\/","title":{"rendered":"Tr\u00e1gico accidente donde falleci\u00f3 un ciudadano en el camino de Guzzo en la ma\u00f1ana de hoy"},"content":{"rendered":"<!-- VideographyWP Plugin Message: Automatic video embedding prevented by plugin options. -->\n\n<p>El siniestro ocurri\u00f3 esta ma\u00f1ana cuando un autom\u00f3vil y una camioneta colisionaron en el camino de Guzzo en cercan\u00edas a la localidad de Gobernador Castro.<\/p>\n\n\n\n<p>El hecho fue este lunes en las primeras horas del d\u00eda donde por razones que se tratan de establecer colisionaron un autom\u00f3vil Citroen C4 en el que circulaban una mujer de 39 a\u00f1os de edad y una menor de 17 a\u00f1os, quien impact\u00f3 contra una camioneta Ford F100 conducida por un ciudadano de 67 a\u00f1os de edad.<\/p>\n\n\n\n<p>Lamentablemente perdio la vida Luis Antonio Rodriguez de 67 a\u00f1os de edad tras ser asistido en el nosocomio local, por su parte las dos mujeres que circulaban en el autom\u00f3vil fueron trasladadas y asistidas esperando los detalles de su estado que hasta el momento ser\u00eda lesiones leves.<\/p>\n","protected":false},"excerpt":{"rendered":"<p>El siniestro ocurri\u00f3 esta ma\u00f1ana cuando un autom\u00f3vil y una camioneta colisionaron en el camino de Guzzo en cercan\u00edas a la localidad de Gobernador Castro. El hecho fue este lunes en las primeras horas del d\u00eda donde por razones que se tratan de establecer colisionaron un autom\u00f3vil Citroen C4 en el que circulaban una mujer [&hellip;]<\/p>\n","protected":false},"author":4,"featured_media":123312,"comment_status":"closed","ping_status":"closed","sticky":false,"template":"","format":"standard","meta":{"om_disable_all_campaigns":false,"_jetpack_memberships_contains_paid_content":false,"footnotes":""},"categories":[50,2,103],"tags":[197,33,95,19,4554],"class_list":["post-123311","post","type-post","status-publish","format-standard","has-post-thumbnail","hentry","category-destacadas","category-locales","category-policiales-locales","tag-buenos-aires","tag-locales","tag-policiales","tag-san-pedro","tag-tragico-accidente-donde-fallecio-un-ciudadano-en-el-camino-de-guzzo-en-la-manana-de-hoy"],"aioseo_notices":[],"gutentor_comment":0,"jetpack_featured_media_url":"https:\/\/eldiariodesanpedro.com.ar\/sitio\/wp-content\/uploads\/2023\/10\/Imagen-de-WhatsApp-2023-10-23-a-las-12.07.26_1a239099.jpg","jetpack_shortlink":"https:\/\/wp.me\/p6RhLt-w4T","jetpack_sharing_enabled":true,"_links":{"self":[{"href":"https:\/\/eldiariodesanpedro.com.ar\/sitio\/wp-json\/wp\/v2\/posts\/123311","targetHints":{"allow":["GET"]}}],"collection":[{"href":"https:\/\/eldiariodesanpedro.com.ar\/sitio\/wp-json\/wp\/v2\/posts"}],"about":[{"href":"https:\/\/eldiariodesanpedro.com.ar\/sitio\/wp-json\/wp\/v2\/types\/post"}],"author":[{"embeddable":true,"href":"https:\/\/eldiariodesanpedro.com.ar\/sitio\/wp-json\/wp\/v2\/users\/4"}],"replies":[{"embeddable":true,"href":"https:\/\/eldiariodesanpedro.com.ar\/sitio\/wp-json\/wp\/v2\/comments?post=123311"}],"version-history":[{"count":1,"href":"https:\/\/eldiariodesanpedro.com.ar\/sitio\/wp-json\/wp\/v2\/posts\/123311\/revisions"}],"predecessor-version":[{"id":123313,"href":"https:\/\/eldiariodesanpedro.com.ar\/sitio\/wp-json\/wp\/v2\/posts\/123311\/revisions\/123313"}],"wp:featuredmedia":[{"embeddable":true,"href":"https:\/\/eldiariodesanpedro.com.ar\/sitio\/wp-json\/wp\/v2\/media\/123312"}],"wp:attachment":[{"href":"https:\/\/eldiariodesanpedro.com.ar\/sitio\/wp-json\/wp\/v2\/media?parent=123311"}],"wp:term":[{"taxonomy":"category","embeddable":true,"href":"https:\/\/eldiariodesanpedro.com.ar\/sitio\/wp-json\/wp\/v2\/categories?post=123311"},{"taxonomy":"post_tag","embeddable":true,"href":"https:\/\/eldiariodesanpedro.com.ar\/sitio\/wp-json\/wp\/v2\/tags?post=123311"}],"curies":[{"name":"wp","href":"https:\/\/api.w.org\/{rel}","templated":true}]}}