{"id":123308,"date":"2023-10-23T10:58:33","date_gmt":"2023-10-23T13:58:33","guid":{"rendered":"https:\/\/eldiariodesanpedro.com.ar\/sitio\/?p=123308"},"modified":"2023-10-23T10:58:35","modified_gmt":"2023-10-23T13:58:35","slug":"manana-tenemos-que-seguir-gobernando-y-las-cosas-van-a-seguir-dificiles-asi-que-necesitamos-de-todos-incluso-de-la-oposicion","status":"publish","type":"post","link":"https:\/\/eldiariodesanpedro.com.ar\/sitio\/manana-tenemos-que-seguir-gobernando-y-las-cosas-van-a-seguir-dificiles-asi-que-necesitamos-de-todos-incluso-de-la-oposicion\/","title":{"rendered":"\u00abMa\u00f1ana tenemos que seguir gobernando, y las cosas van a seguir dif\u00edciles, as\u00ed que necesitamos de todos, incluso de la oposici\u00f3n\u00bb"},"content":{"rendered":"<!-- VideographyWP Plugin Message: Automatic video embedding prevented by plugin options. -->\n\n<p>Cecilio Salazar, ganador de las elecciones generales de este domingo, lider\u00f3 los festejos en las instalaciones del Centro Cosmopolita, que sirvi\u00f3 como sede de la campa\u00f1a electoral. Durante su discurso, hizo un llamado a la oposici\u00f3n, destacando que no son enemigos, sino opositores circunstanciales en esta contienda electoral. Adem\u00e1s, expres\u00f3 la convicci\u00f3n de su partido de permanecer en el poder hasta que la voluntad del pueblo dicte lo contrario.<\/p>\n\n\n\n<p>Salazar abog\u00f3 por buscar consensos con las fuerzas opositoras y reflexion\u00f3 sobre la naturaleza de la campa\u00f1a. Agradeci\u00f3 a sus seguidores por su compromiso y esfuerzo en difundir las propuestas pol\u00edticas, reconociendo los desaf\u00edos que enfrent\u00f3 personalmente a lo largo del proceso. Haciendo hincapi\u00e9 en su trayectoria pol\u00edtica y su origen en el movimiento obrero organizado, expres\u00f3 su comprensi\u00f3n de la situaci\u00f3n.<\/p>\n\n\n\n<p>El Intendente se\u00f1al\u00f3 la importancia de afrontar los d\u00edas venideros, anticipando dificultades, y llam\u00f3 a la unidad, incluso con la oposici\u00f3n, para abordar los desaf\u00edos en conjunto. Hizo hincapi\u00e9 en su compromiso con su familia, sus hijos y la comunidad de San Pedro, y agradeci\u00f3 a todos sus hijos, subrayando la importancia de la unidad a pesar de las diferencias.<\/p>\n","protected":false},"excerpt":{"rendered":"<p>Cecilio Salazar, ganador de las elecciones generales de este domingo, lider\u00f3 los festejos en las instalaciones del Centro Cosmopolita, que sirvi\u00f3 como sede de la campa\u00f1a electoral. Durante su discurso, hizo un llamado a la oposici\u00f3n, destacando que no son enemigos, sino opositores circunstanciales en esta contienda electoral. Adem\u00e1s, expres\u00f3 la convicci\u00f3n de su partido [&hellip;]<\/p>\n","protected":false},"author":4,"featured_media":123309,"comment_status":"closed","ping_status":"closed","sticky":false,"template":"","format":"standard","meta":{"om_disable_all_campaigns":false,"_jetpack_memberships_contains_paid_content":false,"footnotes":""},"categories":[50,101,2],"tags":[197,696,19],"class_list":["post-123308","post","type-post","status-publish","format-standard","has-post-thumbnail","hentry","category-destacadas","category-interes-general-locales","category-locales","tag-buenos-aires","tag-interes-general","tag-san-pedro"],"aioseo_notices":[],"gutentor_comment":0,"jetpack_featured_media_url":"https:\/\/eldiariodesanpedro.com.ar\/sitio\/wp-content\/uploads\/2023\/10\/DSC_0037.jpg","jetpack_shortlink":"https:\/\/wp.me\/p6RhLt-w4Q","jetpack_sharing_enabled":true,"_links":{"self":[{"href":"https:\/\/eldiariodesanpedro.com.ar\/sitio\/wp-json\/wp\/v2\/posts\/123308","targetHints":{"allow":["GET"]}}],"collection":[{"href":"https:\/\/eldiariodesanpedro.com.ar\/sitio\/wp-json\/wp\/v2\/posts"}],"about":[{"href":"https:\/\/eldiariodesanpedro.com.ar\/sitio\/wp-json\/wp\/v2\/types\/post"}],"author":[{"embeddable":true,"href":"https:\/\/eldiariodesanpedro.com.ar\/sitio\/wp-json\/wp\/v2\/users\/4"}],"replies":[{"embeddable":true,"href":"https:\/\/eldiariodesanpedro.com.ar\/sitio\/wp-json\/wp\/v2\/comments?post=123308"}],"version-history":[{"count":1,"href":"https:\/\/eldiariodesanpedro.com.ar\/sitio\/wp-json\/wp\/v2\/posts\/123308\/revisions"}],"predecessor-version":[{"id":123310,"href":"https:\/\/eldiariodesanpedro.com.ar\/sitio\/wp-json\/wp\/v2\/posts\/123308\/revisions\/123310"}],"wp:featuredmedia":[{"embeddable":true,"href":"https:\/\/eldiariodesanpedro.com.ar\/sitio\/wp-json\/wp\/v2\/media\/123309"}],"wp:attachment":[{"href":"https:\/\/eldiariodesanpedro.com.ar\/sitio\/wp-json\/wp\/v2\/media?parent=123308"}],"wp:term":[{"taxonomy":"category","embeddable":true,"href":"https:\/\/eldiariodesanpedro.com.ar\/sitio\/wp-json\/wp\/v2\/categories?post=123308"},{"taxonomy":"post_tag","embeddable":true,"href":"https:\/\/eldiariodesanpedro.com.ar\/sitio\/wp-json\/wp\/v2\/tags?post=123308"}],"curies":[{"name":"wp","href":"https:\/\/api.w.org\/{rel}","templated":true}]}}