{"id":123305,"date":"2023-10-23T10:53:12","date_gmt":"2023-10-23T13:53:12","guid":{"rendered":"https:\/\/eldiariodesanpedro.com.ar\/sitio\/?p=123305"},"modified":"2023-10-23T10:53:15","modified_gmt":"2023-10-23T13:53:15","slug":"el-consejo-escolar-quedara-conformado-por-cinco-oficialistas-y-una-opositora","status":"publish","type":"post","link":"https:\/\/eldiariodesanpedro.com.ar\/sitio\/el-consejo-escolar-quedara-conformado-por-cinco-oficialistas-y-una-opositora\/","title":{"rendered":"El consejo escolar quedara conformado por cinco oficialistas y una opositora"},"content":{"rendered":"<!-- VideographyWP Plugin Message: Automatic video embedding prevented by plugin options. -->\n\n<p>Uni\u00f3n por la Patria obtuvo las tres bancas disponibles en el Consejo Escolar de San Pedro. La segunda fuerza electoral, Juntos por el Cambio, no alcanz\u00f3 el umbral m\u00ednimo de votantes necesario. <\/p>\n\n\n\n<p>A partir del 10 de diciembre, Silvina Garc\u00eda, N\u00e9stor Abeledo y Laura Ponzio se unir\u00e1n a Myriam Bonilla y Cristian Novaro en el grupo oficialista, mientras que Patricia Sabat\u00e9 continuar\u00e1 siendo la \u00fanica consejera de Juntos.<\/p>\n","protected":false},"excerpt":{"rendered":"<p>Uni\u00f3n por la Patria obtuvo las tres bancas disponibles en el Consejo Escolar de San Pedro. La segunda fuerza electoral, Juntos por el Cambio, no alcanz\u00f3 el umbral m\u00ednimo de votantes necesario. A partir del 10 de diciembre, Silvina Garc\u00eda, N\u00e9stor Abeledo y Laura Ponzio se unir\u00e1n a Myriam Bonilla y Cristian Novaro en el [&hellip;]<\/p>\n","protected":false},"author":4,"featured_media":123306,"comment_status":"closed","ping_status":"closed","sticky":false,"template":"","format":"standard","meta":{"om_disable_all_campaigns":false,"_jetpack_memberships_contains_paid_content":false,"footnotes":""},"categories":[101,2],"tags":[],"class_list":["post-123305","post","type-post","status-publish","format-standard","has-post-thumbnail","hentry","category-interes-general-locales","category-locales"],"aioseo_notices":[],"gutentor_comment":0,"jetpack_featured_media_url":"https:\/\/eldiariodesanpedro.com.ar\/sitio\/wp-content\/uploads\/2023\/10\/DSC_0054.jpg","jetpack_shortlink":"https:\/\/wp.me\/p6RhLt-w4N","jetpack_sharing_enabled":true,"_links":{"self":[{"href":"https:\/\/eldiariodesanpedro.com.ar\/sitio\/wp-json\/wp\/v2\/posts\/123305","targetHints":{"allow":["GET"]}}],"collection":[{"href":"https:\/\/eldiariodesanpedro.com.ar\/sitio\/wp-json\/wp\/v2\/posts"}],"about":[{"href":"https:\/\/eldiariodesanpedro.com.ar\/sitio\/wp-json\/wp\/v2\/types\/post"}],"author":[{"embeddable":true,"href":"https:\/\/eldiariodesanpedro.com.ar\/sitio\/wp-json\/wp\/v2\/users\/4"}],"replies":[{"embeddable":true,"href":"https:\/\/eldiariodesanpedro.com.ar\/sitio\/wp-json\/wp\/v2\/comments?post=123305"}],"version-history":[{"count":1,"href":"https:\/\/eldiariodesanpedro.com.ar\/sitio\/wp-json\/wp\/v2\/posts\/123305\/revisions"}],"predecessor-version":[{"id":123307,"href":"https:\/\/eldiariodesanpedro.com.ar\/sitio\/wp-json\/wp\/v2\/posts\/123305\/revisions\/123307"}],"wp:featuredmedia":[{"embeddable":true,"href":"https:\/\/eldiariodesanpedro.com.ar\/sitio\/wp-json\/wp\/v2\/media\/123306"}],"wp:attachment":[{"href":"https:\/\/eldiariodesanpedro.com.ar\/sitio\/wp-json\/wp\/v2\/media?parent=123305"}],"wp:term":[{"taxonomy":"category","embeddable":true,"href":"https:\/\/eldiariodesanpedro.com.ar\/sitio\/wp-json\/wp\/v2\/categories?post=123305"},{"taxonomy":"post_tag","embeddable":true,"href":"https:\/\/eldiariodesanpedro.com.ar\/sitio\/wp-json\/wp\/v2\/tags?post=123305"}],"curies":[{"name":"wp","href":"https:\/\/api.w.org\/{rel}","templated":true}]}}