{"id":123302,"date":"2023-10-23T10:39:04","date_gmt":"2023-10-23T13:39:04","guid":{"rendered":"https:\/\/eldiariodesanpedro.com.ar\/sitio\/?p=123302"},"modified":"2023-10-23T10:39:06","modified_gmt":"2023-10-23T13:39:06","slug":"como-queda-el-honorable-concejo-deliberante-tras-las-elecciones-generales","status":"publish","type":"post","link":"https:\/\/eldiariodesanpedro.com.ar\/sitio\/como-queda-el-honorable-concejo-deliberante-tras-las-elecciones-generales\/","title":{"rendered":"\u00bfC\u00f3mo queda el Honorable Concejo Deliberante tras las elecciones generales?\u00a0"},"content":{"rendered":"<!-- VideographyWP Plugin Message: Automatic video embedding prevented by plugin options. -->\n\n<p>El reparto de concejales despu\u00e9s de las elecciones generales del pasado domingo se hizo de acuerdo al sistema de reparto de cocientes. Como resultado, Uni\u00f3n por la Patria obtuvo cuatro nuevas bancas, mientras que Juntos por el Cambio logr\u00f3 tres y La Libertad Avanza consigui\u00f3 dos.<\/p>\n\n\n\n<p>A partir del 10 de Diciembre, asumir\u00e1n sus bancas los siguientes representantes: Alfredo Carrasco, M\u00f3nica Otero, Cristian Leguizam\u00f3n y Soledad Llul por parte de Uni\u00f3n por la Patria. Existe la posibilidad de que Carrasco siga participando en el Ejecutivo, ya que actualmente ocupa el cargo de Secretario de Econom\u00eda y Hacienda, y su lugar ser\u00eda ocupado por Juan Cruz Gonz\u00e1lez, quien se encuentra en el quinto lugar de la lista.<\/p>\n\n\n\n<p>En el caso de Juntos por el Cambio, se sumar\u00e1n Mart\u00edn Rivas, Paola Basso y Diego Lafalce, este \u00faltimo es cercano a la presidenta del PRO, Patricia Bullrich.<\/p>\n\n\n\n<p>La Libertad Avanza estar\u00e1 representada por Mauro De Rosa y Viviana Riquelme.<\/p>\n\n\n\n<p>Los concejales que continuar\u00e1n en sus funciones durante los pr\u00f3ximos dos a\u00f1os son: Pablo Vlaeminck, Roca Celi\u00e9, Rita Leguizam\u00f3n, Candelaria Cuscuela y Mat\u00edas Franco por Uni\u00f3n por la Patria, Lucas Pisani y Hugo Binimelis por Juntos por el Cambio, y Vanina Cappelletti por Juntos Pro.<\/p>\n\n\n\n<p>Un caso particular es el de Paola Basso, quien tiene dos a\u00f1os adicionales de mandato, pero fue reelegida para un nuevo per\u00edodo. Por lo tanto, se espera que renuncie a la banca obtenida en 2021, dejando su lugar a la suplente Yanina Batalla.<\/p>\n\n\n\n<p>En resumen, el total de concejales se distribuye de la siguiente manera: Uni\u00f3n por la Patria cuenta con 9 concejales, Juntos por el Cambio tiene 7 ediles, y La Libertad Avanza posee 2 representantes.<\/p>\n","protected":false},"excerpt":{"rendered":"<p>El reparto de concejales despu\u00e9s de las elecciones generales del pasado domingo se hizo de acuerdo al sistema de reparto de cocientes. Como resultado, Uni\u00f3n por la Patria obtuvo cuatro nuevas bancas, mientras que Juntos por el Cambio logr\u00f3 tres y La Libertad Avanza consigui\u00f3 dos. A partir del 10 de Diciembre, asumir\u00e1n sus bancas [&hellip;]<\/p>\n","protected":false},"author":4,"featured_media":123303,"comment_status":"closed","ping_status":"closed","sticky":false,"template":"","format":"standard","meta":{"om_disable_all_campaigns":false,"_jetpack_memberships_contains_paid_content":false,"footnotes":""},"categories":[101,2],"tags":[197,696,33,19,4553],"class_list":["post-123302","post","type-post","status-publish","format-standard","has-post-thumbnail","hentry","category-interes-general-locales","category-locales","tag-buenos-aires","tag-interes-general","tag-locales","tag-san-pedro","tag-como-queda-el-honorable-concejo-deliberante-tras-las-elecciones-generales"],"aioseo_notices":[],"gutentor_comment":0,"jetpack_featured_media_url":"https:\/\/eldiariodesanpedro.com.ar\/sitio\/wp-content\/uploads\/2023\/10\/DSC_0068.jpg","jetpack_shortlink":"https:\/\/wp.me\/p6RhLt-w4K","jetpack_sharing_enabled":true,"_links":{"self":[{"href":"https:\/\/eldiariodesanpedro.com.ar\/sitio\/wp-json\/wp\/v2\/posts\/123302","targetHints":{"allow":["GET"]}}],"collection":[{"href":"https:\/\/eldiariodesanpedro.com.ar\/sitio\/wp-json\/wp\/v2\/posts"}],"about":[{"href":"https:\/\/eldiariodesanpedro.com.ar\/sitio\/wp-json\/wp\/v2\/types\/post"}],"author":[{"embeddable":true,"href":"https:\/\/eldiariodesanpedro.com.ar\/sitio\/wp-json\/wp\/v2\/users\/4"}],"replies":[{"embeddable":true,"href":"https:\/\/eldiariodesanpedro.com.ar\/sitio\/wp-json\/wp\/v2\/comments?post=123302"}],"version-history":[{"count":1,"href":"https:\/\/eldiariodesanpedro.com.ar\/sitio\/wp-json\/wp\/v2\/posts\/123302\/revisions"}],"predecessor-version":[{"id":123304,"href":"https:\/\/eldiariodesanpedro.com.ar\/sitio\/wp-json\/wp\/v2\/posts\/123302\/revisions\/123304"}],"wp:featuredmedia":[{"embeddable":true,"href":"https:\/\/eldiariodesanpedro.com.ar\/sitio\/wp-json\/wp\/v2\/media\/123303"}],"wp:attachment":[{"href":"https:\/\/eldiariodesanpedro.com.ar\/sitio\/wp-json\/wp\/v2\/media?parent=123302"}],"wp:term":[{"taxonomy":"category","embeddable":true,"href":"https:\/\/eldiariodesanpedro.com.ar\/sitio\/wp-json\/wp\/v2\/categories?post=123302"},{"taxonomy":"post_tag","embeddable":true,"href":"https:\/\/eldiariodesanpedro.com.ar\/sitio\/wp-json\/wp\/v2\/tags?post=123302"}],"curies":[{"name":"wp","href":"https:\/\/api.w.org\/{rel}","templated":true}]}}