{"id":12330,"date":"2017-01-06T09:08:01","date_gmt":"2017-01-06T12:08:01","guid":{"rendered":"https:\/\/eldiariodesanpedro.com.ar\/sitio\/?p=12330"},"modified":"2017-01-06T09:08:01","modified_gmt":"2017-01-06T12:08:01","slug":"agreden-a-una-mujer-en-la-puerta-de-su-casa","status":"publish","type":"post","link":"https:\/\/eldiariodesanpedro.com.ar\/sitio\/agreden-a-una-mujer-en-la-puerta-de-su-casa\/","title":{"rendered":"Agreden a una mujer en la puerta de su casa"},"content":{"rendered":"<p><!-- VideographyWP Plugin Message: Automatic video embedding prevented by plugin options. --><br \/>\nEn el d\u00eda de ayer una mujer de 31 a\u00f1os de edad alrededor de las 19 hs. encontr\u00e1ndose frente a su domicilio se les acerca una pareja que conoce y al acercarse comienza a decirle insultos y posteriormente a propinarle golpes de pu\u00f1o y pies. <\/p>\n","protected":false},"excerpt":{"rendered":"<p>En el d\u00eda de ayer una mujer de 31 a\u00f1os de edad alrededor de las 19 hs. encontr\u00e1ndose frente a su domicilio se les acerca una pareja que conoce y al acercarse comienza a decirle insultos y posteriormente a propinarle golpes de pu\u00f1o y pies.<\/p>\n","protected":false},"author":4,"featured_media":5588,"comment_status":"open","ping_status":"closed","sticky":false,"template":"","format":"standard","meta":{"om_disable_all_campaigns":false,"_jetpack_memberships_contains_paid_content":false,"footnotes":""},"categories":[101,2],"tags":[],"class_list":["post-12330","post","type-post","status-publish","format-standard","has-post-thumbnail","hentry","category-interes-general-locales","category-locales"],"aioseo_notices":[],"gutentor_comment":0,"jetpack_featured_media_url":"https:\/\/eldiariodesanpedro.com.ar\/sitio\/wp-content\/uploads\/2016\/06\/patrulla-policia-1.jpg","jetpack_shortlink":"https:\/\/wp.me\/p6RhLt-3cS","jetpack_sharing_enabled":true,"_links":{"self":[{"href":"https:\/\/eldiariodesanpedro.com.ar\/sitio\/wp-json\/wp\/v2\/posts\/12330","targetHints":{"allow":["GET"]}}],"collection":[{"href":"https:\/\/eldiariodesanpedro.com.ar\/sitio\/wp-json\/wp\/v2\/posts"}],"about":[{"href":"https:\/\/eldiariodesanpedro.com.ar\/sitio\/wp-json\/wp\/v2\/types\/post"}],"author":[{"embeddable":true,"href":"https:\/\/eldiariodesanpedro.com.ar\/sitio\/wp-json\/wp\/v2\/users\/4"}],"replies":[{"embeddable":true,"href":"https:\/\/eldiariodesanpedro.com.ar\/sitio\/wp-json\/wp\/v2\/comments?post=12330"}],"version-history":[{"count":1,"href":"https:\/\/eldiariodesanpedro.com.ar\/sitio\/wp-json\/wp\/v2\/posts\/12330\/revisions"}],"predecessor-version":[{"id":12331,"href":"https:\/\/eldiariodesanpedro.com.ar\/sitio\/wp-json\/wp\/v2\/posts\/12330\/revisions\/12331"}],"wp:featuredmedia":[{"embeddable":true,"href":"https:\/\/eldiariodesanpedro.com.ar\/sitio\/wp-json\/wp\/v2\/media\/5588"}],"wp:attachment":[{"href":"https:\/\/eldiariodesanpedro.com.ar\/sitio\/wp-json\/wp\/v2\/media?parent=12330"}],"wp:term":[{"taxonomy":"category","embeddable":true,"href":"https:\/\/eldiariodesanpedro.com.ar\/sitio\/wp-json\/wp\/v2\/categories?post=12330"},{"taxonomy":"post_tag","embeddable":true,"href":"https:\/\/eldiariodesanpedro.com.ar\/sitio\/wp-json\/wp\/v2\/tags?post=12330"}],"curies":[{"name":"wp","href":"https:\/\/api.w.org\/{rel}","templated":true}]}}