{"id":123297,"date":"2023-10-23T10:14:04","date_gmt":"2023-10-23T13:14:04","guid":{"rendered":"https:\/\/eldiariodesanpedro.com.ar\/sitio\/?p=123297"},"modified":"2023-10-23T10:30:50","modified_gmt":"2023-10-23T13:30:50","slug":"axel-kicillof-fue-reelecto-como-gobernador-de-la-provincia-y-massa-gano-pero-ira-a-balotaje","status":"publish","type":"post","link":"https:\/\/eldiariodesanpedro.com.ar\/sitio\/axel-kicillof-fue-reelecto-como-gobernador-de-la-provincia-y-massa-gano-pero-ira-a-balotaje\/","title":{"rendered":"Axel Kicillof fue reelecto como gobernador de la provincia y Massa gan\u00f3 pero ir\u00e1 a balotaje"},"content":{"rendered":"<!-- VideographyWP Plugin Message: Automatic video embedding prevented by plugin options. -->\n\n<p>Con los resultados oficiales se confirma lo que anticipaban<strong>\u00a0las huestes de\u00a0Axel Kicillof, que celebraban internamente un importante triunfo en las elecciones generales, con las que obernador bonaerense logra la reelecci\u00f3n en la\u00a0provincia de Buenos Aires<\/strong>. Y tambi\u00e9n se confirma que\u00a0<strong>Sergio Massa gan\u00f3 las elecciones a nivel nacional.<\/strong><\/p>\n\n\n\n<p>Los resultados oficiales a nivel provincial indican que&nbsp;<strong>con el 81% de las mesas escrutadas Axel Kicillof se impone con el 44,95 por ciento de los votos contra el 26,5 de N\u00e9stor Grindetti y 24,63 por ciento de Carolina P\u00edparo. Por \u00faltimo, Rub\u00e9n Sobrero cosech\u00f3 el 3,90 por ciento<\/strong>.<\/p>\n\n\n\n<p>A nivel nacional,&nbsp;Sergio Massa logr\u00f3 36 puntos contra 30 de Javier Milei. Esto coloca a los dos en instancia de balotaje, relegando a Juntos por el Cambio, que de la mano de Patricia Bullrich no lleg\u00f3 a los 24 puntos.<\/p>\n","protected":false},"excerpt":{"rendered":"<p>Con los resultados oficiales se confirma lo que anticipaban\u00a0las huestes de\u00a0Axel Kicillof, que celebraban internamente un importante triunfo en las elecciones generales, con las que obernador bonaerense logra la reelecci\u00f3n en la\u00a0provincia de Buenos Aires. Y tambi\u00e9n se confirma que\u00a0Sergio Massa gan\u00f3 las elecciones a nivel nacional. Los resultados oficiales a nivel provincial indican que&nbsp;con [&hellip;]<\/p>\n","protected":false},"author":4,"featured_media":123298,"comment_status":"closed","ping_status":"closed","sticky":false,"template":"","format":"standard","meta":{"om_disable_all_campaigns":false,"_jetpack_memberships_contains_paid_content":false,"footnotes":""},"categories":[50,101,2],"tags":[197,696,33,19],"class_list":["post-123297","post","type-post","status-publish","format-standard","has-post-thumbnail","hentry","category-destacadas","category-interes-general-locales","category-locales","tag-buenos-aires","tag-interes-general","tag-locales","tag-san-pedro"],"aioseo_notices":[],"gutentor_comment":0,"jetpack_featured_media_url":"https:\/\/eldiariodesanpedro.com.ar\/sitio\/wp-content\/uploads\/2023\/10\/0000022279-resized-1920x1080-1.jpg","jetpack_shortlink":"https:\/\/wp.me\/p6RhLt-w4F","jetpack_sharing_enabled":true,"_links":{"self":[{"href":"https:\/\/eldiariodesanpedro.com.ar\/sitio\/wp-json\/wp\/v2\/posts\/123297","targetHints":{"allow":["GET"]}}],"collection":[{"href":"https:\/\/eldiariodesanpedro.com.ar\/sitio\/wp-json\/wp\/v2\/posts"}],"about":[{"href":"https:\/\/eldiariodesanpedro.com.ar\/sitio\/wp-json\/wp\/v2\/types\/post"}],"author":[{"embeddable":true,"href":"https:\/\/eldiariodesanpedro.com.ar\/sitio\/wp-json\/wp\/v2\/users\/4"}],"replies":[{"embeddable":true,"href":"https:\/\/eldiariodesanpedro.com.ar\/sitio\/wp-json\/wp\/v2\/comments?post=123297"}],"version-history":[{"count":3,"href":"https:\/\/eldiariodesanpedro.com.ar\/sitio\/wp-json\/wp\/v2\/posts\/123297\/revisions"}],"predecessor-version":[{"id":123301,"href":"https:\/\/eldiariodesanpedro.com.ar\/sitio\/wp-json\/wp\/v2\/posts\/123297\/revisions\/123301"}],"wp:featuredmedia":[{"embeddable":true,"href":"https:\/\/eldiariodesanpedro.com.ar\/sitio\/wp-json\/wp\/v2\/media\/123298"}],"wp:attachment":[{"href":"https:\/\/eldiariodesanpedro.com.ar\/sitio\/wp-json\/wp\/v2\/media?parent=123297"}],"wp:term":[{"taxonomy":"category","embeddable":true,"href":"https:\/\/eldiariodesanpedro.com.ar\/sitio\/wp-json\/wp\/v2\/categories?post=123297"},{"taxonomy":"post_tag","embeddable":true,"href":"https:\/\/eldiariodesanpedro.com.ar\/sitio\/wp-json\/wp\/v2\/tags?post=123297"}],"curies":[{"name":"wp","href":"https:\/\/api.w.org\/{rel}","templated":true}]}}