{"id":123291,"date":"2023-10-23T10:03:46","date_gmt":"2023-10-23T13:03:46","guid":{"rendered":"https:\/\/eldiariodesanpedro.com.ar\/sitio\/?p=123291"},"modified":"2023-10-23T10:09:13","modified_gmt":"2023-10-23T13:09:13","slug":"cecilio-salazar-fue-el-gran-ganador-de-la-tercera","status":"publish","type":"post","link":"https:\/\/eldiariodesanpedro.com.ar\/sitio\/cecilio-salazar-fue-el-gran-ganador-de-la-tercera\/","title":{"rendered":"Cecilio Salazar fue el gran ganador de la tercera"},"content":{"rendered":"<!-- VideographyWP Plugin Message: Automatic video embedding prevented by plugin options. -->\n\n<p>Cecilio Salazar sigue siendo el Intendente m\u00e1s votado e iniciar\u00e1 su tercer periodo como jefe comunal de la ciudad de San Pedro.<\/p>\n\n\n\n<p>El triunfo es hist\u00f3rico por donde se lo mire, primero porque igual\u00f3 la marca del ex intendente Mario Barbieri, quien tambi\u00e9n gan\u00f3 tres elecciones, super\u00f3 con holgura a los dem\u00e1s candidatos, recuper\u00f3 votos y se impuso en las tres localidades.<\/p>\n\n\n\n<p>Cecilio Salazar consigui\u00f3 el 37,28% de los votos, contra los 30,66% de Ariel Rey y el 28% de Ram\u00f3n Salazar.<\/p>\n\n\n\n<p>El flamante ganador gobernar\u00e1 por cuatro a\u00f1os m\u00e1s los destinos de la ciudad.<\/p>\n\n\n\n<iframe data-src=\"https:\/\/www.facebook.com\/plugins\/video.php?height=314&#038;href=https%3A%2F%2Fwww.facebook.com%2Fdiariosp2%2Fvideos%2F185108687970990%2F&#038;show_text=false&#038;width=560&#038;t=0\" width=\"560\" height=\"314\" style=\"border:none;overflow:hidden\" scrolling=\"no\" frameborder=\"0\" allowfullscreen=\"true\" allow=\"autoplay; clipboard-write; encrypted-media; picture-in-picture; web-share\" allowFullScreen=\"true\" src=\"data:image\/svg+xml;base64,PHN2ZyB3aWR0aD0iMSIgaGVpZ2h0PSIxIiB4bWxucz0iaHR0cDovL3d3dy53My5vcmcvMjAwMC9zdmciPjwvc3ZnPg==\" class=\"lazyload\" data-load-mode=\"1\"><\/iframe>\n\n\n\n<iframe data-src=\"https:\/\/www.facebook.com\/plugins\/post.php?href=https%3A%2F%2Fwww.facebook.com%2Fdiariosp2%2Fposts%2Fpfbid0BmVDwPr2AcmxVtyQXsZ3NYs5TGRX2ZX13vQngY9BTuUd5ktaBpLnWGNK9BYJCJsGl&#038;show_text=true&#038;width=500\" width=\"500\" height=\"645\" style=\"border:none;overflow:hidden\" scrolling=\"no\" frameborder=\"0\" allowfullscreen=\"true\" allow=\"autoplay; clipboard-write; encrypted-media; picture-in-picture; web-share\" src=\"data:image\/svg+xml;base64,PHN2ZyB3aWR0aD0iMSIgaGVpZ2h0PSIxIiB4bWxucz0iaHR0cDovL3d3dy53My5vcmcvMjAwMC9zdmciPjwvc3ZnPg==\" class=\"lazyload\" data-load-mode=\"1\"><\/iframe>\n","protected":false},"excerpt":{"rendered":"<p>Cecilio Salazar sigue siendo el Intendente m\u00e1s votado e iniciar\u00e1 su tercer periodo como jefe comunal de la ciudad de San Pedro. El triunfo es hist\u00f3rico por donde se lo mire, primero porque igual\u00f3 la marca del ex intendente Mario Barbieri, quien tambi\u00e9n gan\u00f3 tres elecciones, super\u00f3 con holgura a los dem\u00e1s candidatos, recuper\u00f3 votos [&hellip;]<\/p>\n","protected":false},"author":4,"featured_media":123292,"comment_status":"closed","ping_status":"closed","sticky":false,"template":"","format":"standard","meta":{"om_disable_all_campaigns":false,"_jetpack_memberships_contains_paid_content":false,"footnotes":""},"categories":[50,101,2],"tags":[197,696,19],"class_list":["post-123291","post","type-post","status-publish","format-standard","has-post-thumbnail","hentry","category-destacadas","category-interes-general-locales","category-locales","tag-buenos-aires","tag-interes-general","tag-san-pedro"],"aioseo_notices":[],"gutentor_comment":0,"jetpack_featured_media_url":"https:\/\/eldiariodesanpedro.com.ar\/sitio\/wp-content\/uploads\/2023\/10\/DSC_0042.jpg","jetpack_shortlink":"https:\/\/wp.me\/p6RhLt-w4z","jetpack_sharing_enabled":true,"_links":{"self":[{"href":"https:\/\/eldiariodesanpedro.com.ar\/sitio\/wp-json\/wp\/v2\/posts\/123291","targetHints":{"allow":["GET"]}}],"collection":[{"href":"https:\/\/eldiariodesanpedro.com.ar\/sitio\/wp-json\/wp\/v2\/posts"}],"about":[{"href":"https:\/\/eldiariodesanpedro.com.ar\/sitio\/wp-json\/wp\/v2\/types\/post"}],"author":[{"embeddable":true,"href":"https:\/\/eldiariodesanpedro.com.ar\/sitio\/wp-json\/wp\/v2\/users\/4"}],"replies":[{"embeddable":true,"href":"https:\/\/eldiariodesanpedro.com.ar\/sitio\/wp-json\/wp\/v2\/comments?post=123291"}],"version-history":[{"count":2,"href":"https:\/\/eldiariodesanpedro.com.ar\/sitio\/wp-json\/wp\/v2\/posts\/123291\/revisions"}],"predecessor-version":[{"id":123295,"href":"https:\/\/eldiariodesanpedro.com.ar\/sitio\/wp-json\/wp\/v2\/posts\/123291\/revisions\/123295"}],"wp:featuredmedia":[{"embeddable":true,"href":"https:\/\/eldiariodesanpedro.com.ar\/sitio\/wp-json\/wp\/v2\/media\/123292"}],"wp:attachment":[{"href":"https:\/\/eldiariodesanpedro.com.ar\/sitio\/wp-json\/wp\/v2\/media?parent=123291"}],"wp:term":[{"taxonomy":"category","embeddable":true,"href":"https:\/\/eldiariodesanpedro.com.ar\/sitio\/wp-json\/wp\/v2\/categories?post=123291"},{"taxonomy":"post_tag","embeddable":true,"href":"https:\/\/eldiariodesanpedro.com.ar\/sitio\/wp-json\/wp\/v2\/tags?post=123291"}],"curies":[{"name":"wp","href":"https:\/\/api.w.org\/{rel}","templated":true}]}}