{"id":123288,"date":"2023-10-22T15:12:21","date_gmt":"2023-10-22T18:12:21","guid":{"rendered":"https:\/\/eldiariodesanpedro.com.ar\/sitio\/?p=123288"},"modified":"2023-10-22T15:12:23","modified_gmt":"2023-10-22T18:12:23","slug":"incendio-en-un-techo-de-una-vivienda-fue-sofocado-por-bomberos","status":"publish","type":"post","link":"https:\/\/eldiariodesanpedro.com.ar\/sitio\/incendio-en-un-techo-de-una-vivienda-fue-sofocado-por-bomberos\/","title":{"rendered":"Incendio en un techo de una vivienda fue sofocado por bomberos"},"content":{"rendered":"<!-- VideographyWP Plugin Message: Automatic video embedding prevented by plugin options. -->\n\n<p>En la jornada de ayer s\u00e1bado en horas de la tarde los bomberos de nuestra ciudad tuvieron que intervenir en el incendio de una vivienda.<\/p>\n\n\n\n<p>El hecho ocurri\u00f3 este s\u00e1bado alrededor de las 16 hs en una vivienda ubicada en calle Luis Sandrini al 1000 donde reside un ciudadano de 35 a\u00f1os de edad junto a su familia.<\/p>\n\n\n\n<p>Seg\u00fan lo que informaron los moradores que por alg\u00fan desperfecto el\u00e9ctrico en el techo de una habitaci\u00f3n se dio inicio a un incendio en la zona del cielorraso.<\/p>\n\n\n\n<p>En el lugar se hizo presente una dotaci\u00f3n de bomberos voluntarios de nuestra ciudad quinees sofocaron r\u00e1pidamente el fuego.<\/p>\n\n\n\n<p>Las p\u00e9rdidas fueron parciales y afortunadamente no hubo lesionados.<\/p>\n","protected":false},"excerpt":{"rendered":"<p>En la jornada de ayer s\u00e1bado en horas de la tarde los bomberos de nuestra ciudad tuvieron que intervenir en el incendio de una vivienda. El hecho ocurri\u00f3 este s\u00e1bado alrededor de las 16 hs en una vivienda ubicada en calle Luis Sandrini al 1000 donde reside un ciudadano de 35 a\u00f1os de edad junto [&hellip;]<\/p>\n","protected":false},"author":4,"featured_media":123289,"comment_status":"closed","ping_status":"closed","sticky":false,"template":"","format":"standard","meta":{"om_disable_all_campaigns":false,"_jetpack_memberships_contains_paid_content":false,"footnotes":""},"categories":[2,103],"tags":[197,33,95,19],"class_list":["post-123288","post","type-post","status-publish","format-standard","has-post-thumbnail","hentry","category-locales","category-policiales-locales","tag-buenos-aires","tag-locales","tag-policiales","tag-san-pedro"],"aioseo_notices":[],"gutentor_comment":0,"jetpack_featured_media_url":"https:\/\/eldiariodesanpedro.com.ar\/sitio\/wp-content\/uploads\/2023\/10\/9.jpg","jetpack_shortlink":"https:\/\/wp.me\/p6RhLt-w4w","jetpack_sharing_enabled":true,"_links":{"self":[{"href":"https:\/\/eldiariodesanpedro.com.ar\/sitio\/wp-json\/wp\/v2\/posts\/123288","targetHints":{"allow":["GET"]}}],"collection":[{"href":"https:\/\/eldiariodesanpedro.com.ar\/sitio\/wp-json\/wp\/v2\/posts"}],"about":[{"href":"https:\/\/eldiariodesanpedro.com.ar\/sitio\/wp-json\/wp\/v2\/types\/post"}],"author":[{"embeddable":true,"href":"https:\/\/eldiariodesanpedro.com.ar\/sitio\/wp-json\/wp\/v2\/users\/4"}],"replies":[{"embeddable":true,"href":"https:\/\/eldiariodesanpedro.com.ar\/sitio\/wp-json\/wp\/v2\/comments?post=123288"}],"version-history":[{"count":1,"href":"https:\/\/eldiariodesanpedro.com.ar\/sitio\/wp-json\/wp\/v2\/posts\/123288\/revisions"}],"predecessor-version":[{"id":123290,"href":"https:\/\/eldiariodesanpedro.com.ar\/sitio\/wp-json\/wp\/v2\/posts\/123288\/revisions\/123290"}],"wp:featuredmedia":[{"embeddable":true,"href":"https:\/\/eldiariodesanpedro.com.ar\/sitio\/wp-json\/wp\/v2\/media\/123289"}],"wp:attachment":[{"href":"https:\/\/eldiariodesanpedro.com.ar\/sitio\/wp-json\/wp\/v2\/media?parent=123288"}],"wp:term":[{"taxonomy":"category","embeddable":true,"href":"https:\/\/eldiariodesanpedro.com.ar\/sitio\/wp-json\/wp\/v2\/categories?post=123288"},{"taxonomy":"post_tag","embeddable":true,"href":"https:\/\/eldiariodesanpedro.com.ar\/sitio\/wp-json\/wp\/v2\/tags?post=123288"}],"curies":[{"name":"wp","href":"https:\/\/api.w.org\/{rel}","templated":true}]}}