{"id":123285,"date":"2023-10-22T14:59:45","date_gmt":"2023-10-22T17:59:45","guid":{"rendered":"https:\/\/eldiariodesanpedro.com.ar\/sitio\/?p=123285"},"modified":"2023-10-22T14:59:47","modified_gmt":"2023-10-22T17:59:47","slug":"un-hombre-fue-golpeado-por-la-pareja-una-mujer-de-59-anos","status":"publish","type":"post","link":"https:\/\/eldiariodesanpedro.com.ar\/sitio\/un-hombre-fue-golpeado-por-la-pareja-una-mujer-de-59-anos\/","title":{"rendered":"Un hombre fue golpeado por la pareja, una mujer de 59 a\u00f1os"},"content":{"rendered":"<!-- VideographyWP Plugin Message: Automatic video embedding prevented by plugin options. -->\n\n<p>Este s\u00e1bado en horas de la noche el personal policial a ra\u00edz de un llamado al 911 acude a calle Oliveira Cesar y Eduardo Dipietri, donde aprehende a mujer de 59 a\u00f1os, quien momentos antes del arribo de la unidad policial amenazo verbalmente y agredi\u00f3 f\u00edsicamente a su pareja masculino de 59 a\u00f1os. <\/p>\n\n\n\n<p>En virtud de lo mencionado el m\u00f3vil policial traslada a v\u00edctima hasta la Guarda General del Hospital Sub Zonal San Pedro quien presenta lesiones de car\u00e1cter leves mismo es asistido y trasladado a Comisaria de la Mujer y La Familia de San Pedro. Interviene magistratura local.-\u00a0<\/p>\n","protected":false},"excerpt":{"rendered":"<p>Este s\u00e1bado en horas de la noche el personal policial a ra\u00edz de un llamado al 911 acude a calle Oliveira Cesar y Eduardo Dipietri, donde aprehende a mujer de 59 a\u00f1os, quien momentos antes del arribo de la unidad policial amenazo verbalmente y agredi\u00f3 f\u00edsicamente a su pareja masculino de 59 a\u00f1os. En virtud [&hellip;]<\/p>\n","protected":false},"author":4,"featured_media":123286,"comment_status":"closed","ping_status":"closed","sticky":false,"template":"","format":"standard","meta":{"om_disable_all_campaigns":false,"_jetpack_memberships_contains_paid_content":false,"footnotes":""},"categories":[2,103],"tags":[197,33,95,19],"class_list":["post-123285","post","type-post","status-publish","format-standard","has-post-thumbnail","hentry","category-locales","category-policiales-locales","tag-buenos-aires","tag-locales","tag-policiales","tag-san-pedro"],"aioseo_notices":[],"gutentor_comment":0,"jetpack_featured_media_url":"https:\/\/eldiariodesanpedro.com.ar\/sitio\/wp-content\/uploads\/2023\/10\/medida-20.png","jetpack_shortlink":"https:\/\/wp.me\/p6RhLt-w4t","jetpack_sharing_enabled":true,"_links":{"self":[{"href":"https:\/\/eldiariodesanpedro.com.ar\/sitio\/wp-json\/wp\/v2\/posts\/123285","targetHints":{"allow":["GET"]}}],"collection":[{"href":"https:\/\/eldiariodesanpedro.com.ar\/sitio\/wp-json\/wp\/v2\/posts"}],"about":[{"href":"https:\/\/eldiariodesanpedro.com.ar\/sitio\/wp-json\/wp\/v2\/types\/post"}],"author":[{"embeddable":true,"href":"https:\/\/eldiariodesanpedro.com.ar\/sitio\/wp-json\/wp\/v2\/users\/4"}],"replies":[{"embeddable":true,"href":"https:\/\/eldiariodesanpedro.com.ar\/sitio\/wp-json\/wp\/v2\/comments?post=123285"}],"version-history":[{"count":1,"href":"https:\/\/eldiariodesanpedro.com.ar\/sitio\/wp-json\/wp\/v2\/posts\/123285\/revisions"}],"predecessor-version":[{"id":123287,"href":"https:\/\/eldiariodesanpedro.com.ar\/sitio\/wp-json\/wp\/v2\/posts\/123285\/revisions\/123287"}],"wp:featuredmedia":[{"embeddable":true,"href":"https:\/\/eldiariodesanpedro.com.ar\/sitio\/wp-json\/wp\/v2\/media\/123286"}],"wp:attachment":[{"href":"https:\/\/eldiariodesanpedro.com.ar\/sitio\/wp-json\/wp\/v2\/media?parent=123285"}],"wp:term":[{"taxonomy":"category","embeddable":true,"href":"https:\/\/eldiariodesanpedro.com.ar\/sitio\/wp-json\/wp\/v2\/categories?post=123285"},{"taxonomy":"post_tag","embeddable":true,"href":"https:\/\/eldiariodesanpedro.com.ar\/sitio\/wp-json\/wp\/v2\/tags?post=123285"}],"curies":[{"name":"wp","href":"https:\/\/api.w.org\/{rel}","templated":true}]}}