{"id":123282,"date":"2023-10-22T14:27:05","date_gmt":"2023-10-22T17:27:05","guid":{"rendered":"https:\/\/eldiariodesanpedro.com.ar\/sitio\/?p=123282"},"modified":"2023-10-22T14:27:07","modified_gmt":"2023-10-22T17:27:07","slug":"dos-motochorros-le-arrebataron-la-cartera-a-una-mujer-en-la-calle","status":"publish","type":"post","link":"https:\/\/eldiariodesanpedro.com.ar\/sitio\/dos-motochorros-le-arrebataron-la-cartera-a-una-mujer-en-la-calle\/","title":{"rendered":"Dos motochorros le arrebataron la cartera a una mujer en la calle"},"content":{"rendered":"<!-- VideographyWP Plugin Message: Automatic video embedding prevented by plugin options. -->\n\n<p>El d\u00eda de ayer el personal policial a ra\u00edz de un llamado al 911 se constituye en calle Combate de Obligado y Fray Cayetano Rodr\u00edguez donde se procede a la aprehensi\u00f3n de masculino de 24 a\u00f1os, quien momentos antes junto a otro masculino los cu\u00e1les se movilizaban en motocicleta Motomel 110 Sin dominio le arrebatan la cartera a femenina de 35 a\u00f1os sustray\u00e9ndole tel\u00e9fono celular marca Samsung Galaxy A51, el cual qued\u00f3 el poder de masculino restante quien se fug\u00f3 del lugar.<\/p>\n\n\n\n<p>Afortunadamente la v\u00edctima del arrebato result\u00f3 ilesa, por su parte el rodado fue secuestrado y el joven descuente quedo alojado en sector de calabozo.<\/p>\n\n\n\n<p>Interviene Magistratura en turno.-<\/p>\n","protected":false},"excerpt":{"rendered":"<p>El d\u00eda de ayer el personal policial a ra\u00edz de un llamado al 911 se constituye en calle Combate de Obligado y Fray Cayetano Rodr\u00edguez donde se procede a la aprehensi\u00f3n de masculino de 24 a\u00f1os, quien momentos antes junto a otro masculino los cu\u00e1les se movilizaban en motocicleta Motomel 110 Sin dominio le arrebatan [&hellip;]<\/p>\n","protected":false},"author":4,"featured_media":123283,"comment_status":"closed","ping_status":"closed","sticky":false,"template":"","format":"standard","meta":{"om_disable_all_campaigns":false,"_jetpack_memberships_contains_paid_content":false,"footnotes":""},"categories":[2,103],"tags":[197,696,33,95,19],"class_list":["post-123282","post","type-post","status-publish","format-standard","has-post-thumbnail","hentry","category-locales","category-policiales-locales","tag-buenos-aires","tag-interes-general","tag-locales","tag-policiales","tag-san-pedro"],"aioseo_notices":[],"gutentor_comment":0,"jetpack_featured_media_url":"https:\/\/eldiariodesanpedro.com.ar\/sitio\/wp-content\/uploads\/2023\/10\/medida-19.png","jetpack_shortlink":"https:\/\/wp.me\/p6RhLt-w4q","jetpack_sharing_enabled":true,"_links":{"self":[{"href":"https:\/\/eldiariodesanpedro.com.ar\/sitio\/wp-json\/wp\/v2\/posts\/123282","targetHints":{"allow":["GET"]}}],"collection":[{"href":"https:\/\/eldiariodesanpedro.com.ar\/sitio\/wp-json\/wp\/v2\/posts"}],"about":[{"href":"https:\/\/eldiariodesanpedro.com.ar\/sitio\/wp-json\/wp\/v2\/types\/post"}],"author":[{"embeddable":true,"href":"https:\/\/eldiariodesanpedro.com.ar\/sitio\/wp-json\/wp\/v2\/users\/4"}],"replies":[{"embeddable":true,"href":"https:\/\/eldiariodesanpedro.com.ar\/sitio\/wp-json\/wp\/v2\/comments?post=123282"}],"version-history":[{"count":1,"href":"https:\/\/eldiariodesanpedro.com.ar\/sitio\/wp-json\/wp\/v2\/posts\/123282\/revisions"}],"predecessor-version":[{"id":123284,"href":"https:\/\/eldiariodesanpedro.com.ar\/sitio\/wp-json\/wp\/v2\/posts\/123282\/revisions\/123284"}],"wp:featuredmedia":[{"embeddable":true,"href":"https:\/\/eldiariodesanpedro.com.ar\/sitio\/wp-json\/wp\/v2\/media\/123283"}],"wp:attachment":[{"href":"https:\/\/eldiariodesanpedro.com.ar\/sitio\/wp-json\/wp\/v2\/media?parent=123282"}],"wp:term":[{"taxonomy":"category","embeddable":true,"href":"https:\/\/eldiariodesanpedro.com.ar\/sitio\/wp-json\/wp\/v2\/categories?post=123282"},{"taxonomy":"post_tag","embeddable":true,"href":"https:\/\/eldiariodesanpedro.com.ar\/sitio\/wp-json\/wp\/v2\/tags?post=123282"}],"curies":[{"name":"wp","href":"https:\/\/api.w.org\/{rel}","templated":true}]}}