{"id":123279,"date":"2023-10-22T14:11:09","date_gmt":"2023-10-22T17:11:09","guid":{"rendered":"https:\/\/eldiariodesanpedro.com.ar\/sitio\/?p=123279"},"modified":"2023-10-22T14:11:11","modified_gmt":"2023-10-22T17:11:11","slug":"un-joven-aprehendido-en-via-publica-con-arma-blanca-2","status":"publish","type":"post","link":"https:\/\/eldiariodesanpedro.com.ar\/sitio\/un-joven-aprehendido-en-via-publica-con-arma-blanca-2\/","title":{"rendered":"Un joven aprehendido en v\u00eda publica con arma blanca"},"content":{"rendered":"<!-- VideographyWP Plugin Message: Automatic video embedding prevented by plugin options. -->\n\n<p>En la jornada de ayer s\u00e1bado, el personal policial de la comisaria de San Pedro realizando operativo de interceptaci\u00f3n selectiva en diferentes partes de la ciudad, se hace presente en calle Alvarado y Cruz Rojas adonde aprehendi\u00f3 a ciudadano de 23 a\u00f1os a quien se secuestra en su poder un cuchillo.<\/p>\n\n\n\n<p>Interviene Juzgado de Paz Local y el joven fue trasladado a la comisaria donde permaneci\u00f3 demorado y puesto r\u00e1pidamente en libertad.-<\/p>\n","protected":false},"excerpt":{"rendered":"<p>En la jornada de ayer s\u00e1bado, el personal policial de la comisaria de San Pedro realizando operativo de interceptaci\u00f3n selectiva en diferentes partes de la ciudad, se hace presente en calle Alvarado y Cruz Rojas adonde aprehendi\u00f3 a ciudadano de 23 a\u00f1os a quien se secuestra en su poder un cuchillo. Interviene Juzgado de Paz [&hellip;]<\/p>\n","protected":false},"author":4,"featured_media":123280,"comment_status":"closed","ping_status":"closed","sticky":false,"template":"","format":"standard","meta":{"om_disable_all_campaigns":false,"_jetpack_memberships_contains_paid_content":false,"footnotes":""},"categories":[2,103],"tags":[197,33,95,19],"class_list":["post-123279","post","type-post","status-publish","format-standard","has-post-thumbnail","hentry","category-locales","category-policiales-locales","tag-buenos-aires","tag-locales","tag-policiales","tag-san-pedro"],"aioseo_notices":[],"gutentor_comment":0,"jetpack_featured_media_url":"https:\/\/eldiariodesanpedro.com.ar\/sitio\/wp-content\/uploads\/2023\/10\/medida-18.png","jetpack_shortlink":"https:\/\/wp.me\/p6RhLt-w4n","jetpack_sharing_enabled":true,"_links":{"self":[{"href":"https:\/\/eldiariodesanpedro.com.ar\/sitio\/wp-json\/wp\/v2\/posts\/123279","targetHints":{"allow":["GET"]}}],"collection":[{"href":"https:\/\/eldiariodesanpedro.com.ar\/sitio\/wp-json\/wp\/v2\/posts"}],"about":[{"href":"https:\/\/eldiariodesanpedro.com.ar\/sitio\/wp-json\/wp\/v2\/types\/post"}],"author":[{"embeddable":true,"href":"https:\/\/eldiariodesanpedro.com.ar\/sitio\/wp-json\/wp\/v2\/users\/4"}],"replies":[{"embeddable":true,"href":"https:\/\/eldiariodesanpedro.com.ar\/sitio\/wp-json\/wp\/v2\/comments?post=123279"}],"version-history":[{"count":1,"href":"https:\/\/eldiariodesanpedro.com.ar\/sitio\/wp-json\/wp\/v2\/posts\/123279\/revisions"}],"predecessor-version":[{"id":123281,"href":"https:\/\/eldiariodesanpedro.com.ar\/sitio\/wp-json\/wp\/v2\/posts\/123279\/revisions\/123281"}],"wp:featuredmedia":[{"embeddable":true,"href":"https:\/\/eldiariodesanpedro.com.ar\/sitio\/wp-json\/wp\/v2\/media\/123280"}],"wp:attachment":[{"href":"https:\/\/eldiariodesanpedro.com.ar\/sitio\/wp-json\/wp\/v2\/media?parent=123279"}],"wp:term":[{"taxonomy":"category","embeddable":true,"href":"https:\/\/eldiariodesanpedro.com.ar\/sitio\/wp-json\/wp\/v2\/categories?post=123279"},{"taxonomy":"post_tag","embeddable":true,"href":"https:\/\/eldiariodesanpedro.com.ar\/sitio\/wp-json\/wp\/v2\/tags?post=123279"}],"curies":[{"name":"wp","href":"https:\/\/api.w.org\/{rel}","templated":true}]}}