{"id":123276,"date":"2023-10-22T13:51:29","date_gmt":"2023-10-22T16:51:29","guid":{"rendered":"https:\/\/eldiariodesanpedro.com.ar\/sitio\/?p=123276"},"modified":"2023-10-22T13:51:31","modified_gmt":"2023-10-22T16:51:31","slug":"una-persona-resulto-con-fractura-y-lesiones-graves-en-accidente-de-transito","status":"publish","type":"post","link":"https:\/\/eldiariodesanpedro.com.ar\/sitio\/una-persona-resulto-con-fractura-y-lesiones-graves-en-accidente-de-transito\/","title":{"rendered":"Una persona result\u00f3 con fractura y lesiones graves en accidente de transito"},"content":{"rendered":"<!-- VideographyWP Plugin Message: Automatic video embedding prevented by plugin options. -->\n\n<p>En la jornada de ayer el personal de la comisar\u00eda local a ra\u00edz de un &nbsp;llamado al 911, se constituye en calle&nbsp; Combate de Obligado y Nieto de Torres, donde por razones que se trata de establecer motocicleta marca Guerrero Trip 110 cc guiada por un ciudadano de 51 a\u00f1os, colisiona con autom\u00f3vil marca Renault 12 conducido por masculino de 29 a\u00f1os.<\/p>\n\n\n\n<p>Como resultado del impacto el conductor del rodado menor presenta fractura en pierna derecha, lesiones graves,&nbsp; motivo por el cual es trasladado en ambulancia SAME. Asimismo se procede a cursar los datos de ambos veh\u00edculos al sistema inform\u00e1tico del 911, el cual el autom\u00f3vil mismo pesa un \u201cpedido de secuestro activo\u201d, por la car\u00e1tula de Hurto, el autom\u00f3vil quedo a requerimiento de la UFI N\u00b07. Intervine magistratura local dispone imputar al conductor del rodado de mayor porte del delito de \u201cLesiones Culposas\u201d y \u201cEncubrimiento\u201d.-<\/p>\n","protected":false},"excerpt":{"rendered":"<p>En la jornada de ayer el personal de la comisar\u00eda local a ra\u00edz de un &nbsp;llamado al 911, se constituye en calle&nbsp; Combate de Obligado y Nieto de Torres, donde por razones que se trata de establecer motocicleta marca Guerrero Trip 110 cc guiada por un ciudadano de 51 a\u00f1os, colisiona con autom\u00f3vil marca Renault [&hellip;]<\/p>\n","protected":false},"author":4,"featured_media":123277,"comment_status":"closed","ping_status":"closed","sticky":false,"template":"","format":"standard","meta":{"om_disable_all_campaigns":false,"_jetpack_memberships_contains_paid_content":false,"footnotes":""},"categories":[2,103],"tags":[],"class_list":["post-123276","post","type-post","status-publish","format-standard","has-post-thumbnail","hentry","category-locales","category-policiales-locales"],"aioseo_notices":[],"gutentor_comment":0,"jetpack_featured_media_url":"https:\/\/eldiariodesanpedro.com.ar\/sitio\/wp-content\/uploads\/2023\/10\/1.jpg","jetpack_shortlink":"https:\/\/wp.me\/p6RhLt-w4k","jetpack_sharing_enabled":true,"_links":{"self":[{"href":"https:\/\/eldiariodesanpedro.com.ar\/sitio\/wp-json\/wp\/v2\/posts\/123276","targetHints":{"allow":["GET"]}}],"collection":[{"href":"https:\/\/eldiariodesanpedro.com.ar\/sitio\/wp-json\/wp\/v2\/posts"}],"about":[{"href":"https:\/\/eldiariodesanpedro.com.ar\/sitio\/wp-json\/wp\/v2\/types\/post"}],"author":[{"embeddable":true,"href":"https:\/\/eldiariodesanpedro.com.ar\/sitio\/wp-json\/wp\/v2\/users\/4"}],"replies":[{"embeddable":true,"href":"https:\/\/eldiariodesanpedro.com.ar\/sitio\/wp-json\/wp\/v2\/comments?post=123276"}],"version-history":[{"count":1,"href":"https:\/\/eldiariodesanpedro.com.ar\/sitio\/wp-json\/wp\/v2\/posts\/123276\/revisions"}],"predecessor-version":[{"id":123278,"href":"https:\/\/eldiariodesanpedro.com.ar\/sitio\/wp-json\/wp\/v2\/posts\/123276\/revisions\/123278"}],"wp:featuredmedia":[{"embeddable":true,"href":"https:\/\/eldiariodesanpedro.com.ar\/sitio\/wp-json\/wp\/v2\/media\/123277"}],"wp:attachment":[{"href":"https:\/\/eldiariodesanpedro.com.ar\/sitio\/wp-json\/wp\/v2\/media?parent=123276"}],"wp:term":[{"taxonomy":"category","embeddable":true,"href":"https:\/\/eldiariodesanpedro.com.ar\/sitio\/wp-json\/wp\/v2\/categories?post=123276"},{"taxonomy":"post_tag","embeddable":true,"href":"https:\/\/eldiariodesanpedro.com.ar\/sitio\/wp-json\/wp\/v2\/tags?post=123276"}],"curies":[{"name":"wp","href":"https:\/\/api.w.org\/{rel}","templated":true}]}}