{"id":123271,"date":"2023-10-22T13:37:23","date_gmt":"2023-10-22T16:37:23","guid":{"rendered":"https:\/\/eldiariodesanpedro.com.ar\/sitio\/?p=123271"},"modified":"2023-10-22T13:38:21","modified_gmt":"2023-10-22T16:38:21","slug":"salazar-claramente-es-una-eleccion-distinta-a-la-anterior","status":"publish","type":"post","link":"https:\/\/eldiariodesanpedro.com.ar\/sitio\/salazar-claramente-es-una-eleccion-distinta-a-la-anterior\/","title":{"rendered":"Salazar: \u00abClaramente es una elecci\u00f3n distinta a la anterior\u00bb"},"content":{"rendered":"<!-- VideographyWP Plugin Message: Automatic video embedding prevented by plugin options. -->\n\n<p>El actual intendente y candidato a renovar su mandato por tercera vez emiti\u00f3 su votaci\u00f3n y se refiri\u00f3 a la jornada. \u00abEstoy levantado desde temprano, siguiendo la rutina de siempre, yendo al partido primero, viendo c\u00f3mo se distribuyen los fiscales, llevando gente a votar; mi primer votante es mi hijo, que siempre lo llevo a votar. No me comunico durante el a\u00f1o con \u00e9l, pero hace 15 o 20 a\u00f1os lo llevo a votar. \u00c9l a partir de las 8 lo paso a buscar.\u00bb<\/p>\n\n\n\n<p>Adem\u00e1s, se refiri\u00f3 a que \u00abdepende de c\u00f3mo salga la elecci\u00f3n, tengo que ir a visitar al Gauchito, en una de esas lo voy a visitar el pr\u00f3ximo fin de semana.\u00bb<\/p>\n\n\n\n<p>\u00abClaramente es una elecci\u00f3n distinta a las anteriores, la vivo muy pendiente de la gesti\u00f3n, del equipo, de lo que hacemos nosotros y sin escuchar tanto a los otros. Uno a veces tiene un poquito de sangre y da ganas de contestar alguna cosa, pero he hecho lo que hago siempre, sin contestar ning\u00fan agravio. Viste el dicho, si uno no quiere, dos no pelean, as\u00ed que no me he peleado con nadie. No quiero ni siento pelearme con nadie.\u00bb<\/p>\n\n\n\n<p>\u00abLa expectativa de siempre, hemos hecho un muy buen trabajo. Viste que siempre se habla de que cuando entras a la cancha, tienes que darlo todo, quedarte vac\u00edo, y despu\u00e9s, si se da que ganas, b\u00e1rbaro, hiciste lo que ten\u00edas que hacer, y si pierdes, sabes que diste todo, que corriste toda la cancha, y eso es lo que hice, as\u00ed que ganemos o perdamos, yo ya me doy por satisfecho.\u00bb<\/p>\n\n\n\n<p>\u00abObviamente, todos los candidatos juegan a ganar, y yo tambi\u00e9n, porque tengo muchas ganas de seguir gobernando esta hermosa ciudad.\u00bb<\/p>\n\n\n\n<p>\u00abLa campa\u00f1a ha sido muy buena. Nosotros hemos hecho la bajada de l\u00ednea de no contestar agresiones. Somos circunstanciales adversarios. Cuando volvi\u00f3 el general Per\u00f3n dec\u00eda, para un argentino no hay nada mejor que otro argentino, y llam\u00f3 a Balb\u00edn. Eso es algo que los argentinos no entendimos, y Balb\u00edn dijo, un viejo adversario viene a despedir a un amigo.\u00bb<\/p>\n\n\n\n<p>\u00abEs imposible recorrer todos los barrios porque somos 70 mil sampedrinos. Fui a las instituciones deportivas y sociales, nos recibieron muy bien, y para m\u00ed, es satisfactorio. Uno siempre queda en deuda, y aprovecho para pedir disculpas a los barrios donde no pude estar. Las redes sociales tambi\u00e9n ayudan, aunque tambi\u00e9n pido disculpas porque no pude responder todos los mensajes.\u00bb<\/p>\n\n\n\n<p>\u00abSiempre llevo gente todo el d\u00eda, as\u00ed se me pasa m\u00e1s r\u00e1pido. Despu\u00e9s me voy a mi casa y supongo que a las 20:30 o 21:00 estaremos en el partido.\u00bb<\/p>\n\n\n\n<p>Para cerrar, el actual jefe comunal se refiri\u00f3: \u00abEstoy tranquilo, no s\u00e9 si ser\u00e1 por la experiencia o por las muchas elecciones en el gremio que me dieron la tranquilidad. Supongo que la falta de nervios debe ser por la experiencia.\u00bb<\/p>\n\n\n\n<p>Salazar estuvo acompa\u00f1ado de su hijo, que se refiri\u00f3: \u00abEstoy aqu\u00ed, acompa\u00f1ando como todos los a\u00f1os, con mucha fe de que pueda seguir. Todas las elecciones acompa\u00f1\u00e1ndolo y no solamente en las elecciones sino tambi\u00e9n en la vida, como lo hace \u00e9l tambi\u00e9n conmigo.\u00bb<\/p>\n","protected":false},"excerpt":{"rendered":"<p>El actual intendente y candidato a renovar su mandato por tercera vez emiti\u00f3 su votaci\u00f3n y se refiri\u00f3 a la jornada. \u00abEstoy levantado desde temprano, siguiendo la rutina de siempre, yendo al partido primero, viendo c\u00f3mo se distribuyen los fiscales, llevando gente a votar; mi primer votante es mi hijo, que siempre lo llevo a [&hellip;]<\/p>\n","protected":false},"author":4,"featured_media":123272,"comment_status":"closed","ping_status":"closed","sticky":false,"template":"","format":"standard","meta":{"om_disable_all_campaigns":false,"_jetpack_memberships_contains_paid_content":false,"footnotes":""},"categories":[50,101,2],"tags":[197,696,33,19],"class_list":["post-123271","post","type-post","status-publish","format-standard","has-post-thumbnail","hentry","category-destacadas","category-interes-general-locales","category-locales","tag-buenos-aires","tag-interes-general","tag-locales","tag-san-pedro"],"aioseo_notices":[],"gutentor_comment":0,"jetpack_featured_media_url":"https:\/\/eldiariodesanpedro.com.ar\/sitio\/wp-content\/uploads\/2023\/10\/Imagen-de-WhatsApp-2023-10-22-a-las-11.34.09_718c9003.jpg","jetpack_shortlink":"https:\/\/wp.me\/p6RhLt-w4f","jetpack_sharing_enabled":true,"_links":{"self":[{"href":"https:\/\/eldiariodesanpedro.com.ar\/sitio\/wp-json\/wp\/v2\/posts\/123271","targetHints":{"allow":["GET"]}}],"collection":[{"href":"https:\/\/eldiariodesanpedro.com.ar\/sitio\/wp-json\/wp\/v2\/posts"}],"about":[{"href":"https:\/\/eldiariodesanpedro.com.ar\/sitio\/wp-json\/wp\/v2\/types\/post"}],"author":[{"embeddable":true,"href":"https:\/\/eldiariodesanpedro.com.ar\/sitio\/wp-json\/wp\/v2\/users\/4"}],"replies":[{"embeddable":true,"href":"https:\/\/eldiariodesanpedro.com.ar\/sitio\/wp-json\/wp\/v2\/comments?post=123271"}],"version-history":[{"count":2,"href":"https:\/\/eldiariodesanpedro.com.ar\/sitio\/wp-json\/wp\/v2\/posts\/123271\/revisions"}],"predecessor-version":[{"id":123275,"href":"https:\/\/eldiariodesanpedro.com.ar\/sitio\/wp-json\/wp\/v2\/posts\/123271\/revisions\/123275"}],"wp:featuredmedia":[{"embeddable":true,"href":"https:\/\/eldiariodesanpedro.com.ar\/sitio\/wp-json\/wp\/v2\/media\/123272"}],"wp:attachment":[{"href":"https:\/\/eldiariodesanpedro.com.ar\/sitio\/wp-json\/wp\/v2\/media?parent=123271"}],"wp:term":[{"taxonomy":"category","embeddable":true,"href":"https:\/\/eldiariodesanpedro.com.ar\/sitio\/wp-json\/wp\/v2\/categories?post=123271"},{"taxonomy":"post_tag","embeddable":true,"href":"https:\/\/eldiariodesanpedro.com.ar\/sitio\/wp-json\/wp\/v2\/tags?post=123271"}],"curies":[{"name":"wp","href":"https:\/\/api.w.org\/{rel}","templated":true}]}}