{"id":123268,"date":"2023-10-22T13:24:51","date_gmt":"2023-10-22T16:24:51","guid":{"rendered":"https:\/\/eldiariodesanpedro.com.ar\/sitio\/?p=123268"},"modified":"2023-10-22T13:24:53","modified_gmt":"2023-10-22T16:24:53","slug":"damian-mosquera-sin-importar-el-resultado-nosotros-ya-ganamos","status":"publish","type":"post","link":"https:\/\/eldiariodesanpedro.com.ar\/sitio\/damian-mosquera-sin-importar-el-resultado-nosotros-ya-ganamos\/","title":{"rendered":"Damian Mosquera: \u00abSin importar el resultado nosotros ya ganamos\u00bb"},"content":{"rendered":"<!-- VideographyWP Plugin Message: Automatic video embedding prevented by plugin options. -->\n\n<p>Dami\u00e1n Mosquera, candidato a la alcald\u00eda por el partido Hacemos San Pedro, ejerci\u00f3 su derecho al voto esta ma\u00f1ana y comparti\u00f3 sus reflexiones sobre el d\u00eda de elecciones. \u00abEste es un momento de gran relevancia en mi carrera pol\u00edtica, y lo asumo con responsabilidad. Estoy satisfecho con el esfuerzo que hemos realizado y agradecido por el apoyo recibido de la comunidad\u00bb, expres\u00f3.<\/p>\n\n\n\n<p>A\u00f1adi\u00f3, \u00abEspero que esta jornada transcurra de manera pac\u00edfica, y a nivel local, observo un ambiente tranquilo. La jornada comenz\u00f3 de manera organizada.\u00bb Sobre su enfoque en las elecciones, Mosquera afirm\u00f3, \u00abNo contamos con una gran estructura ni incentivamos la participaci\u00f3n de votantes ajenos. En lugar de eso, recorrer\u00e9 todas las escuelas y aguardar\u00e9 los resultados de la votaci\u00f3n.\u00bb<\/p>\n\n\n\n<p>Finalmente, Mosquera concluy\u00f3, \u00abM\u00e1s all\u00e1 de los resultados, considero que ya hemos alcanzado una victoria, y espero que esta jornada concluya en paz.\u00bb<\/p>\n","protected":false},"excerpt":{"rendered":"<p>Dami\u00e1n Mosquera, candidato a la alcald\u00eda por el partido Hacemos San Pedro, ejerci\u00f3 su derecho al voto esta ma\u00f1ana y comparti\u00f3 sus reflexiones sobre el d\u00eda de elecciones. \u00abEste es un momento de gran relevancia en mi carrera pol\u00edtica, y lo asumo con responsabilidad. Estoy satisfecho con el esfuerzo que hemos realizado y agradecido por [&hellip;]<\/p>\n","protected":false},"author":4,"featured_media":123269,"comment_status":"closed","ping_status":"closed","sticky":false,"template":"","format":"standard","meta":{"om_disable_all_campaigns":false,"_jetpack_memberships_contains_paid_content":false,"footnotes":""},"categories":[50,101,2],"tags":[197,696,33,19],"class_list":["post-123268","post","type-post","status-publish","format-standard","has-post-thumbnail","hentry","category-destacadas","category-interes-general-locales","category-locales","tag-buenos-aires","tag-interes-general","tag-locales","tag-san-pedro"],"aioseo_notices":[],"gutentor_comment":0,"jetpack_featured_media_url":"https:\/\/eldiariodesanpedro.com.ar\/sitio\/wp-content\/uploads\/2023\/10\/Imagen-de-WhatsApp-2023-10-22-a-las-10.26.48_8a9d987e.jpg","jetpack_shortlink":"https:\/\/wp.me\/p6RhLt-w4c","jetpack_sharing_enabled":true,"_links":{"self":[{"href":"https:\/\/eldiariodesanpedro.com.ar\/sitio\/wp-json\/wp\/v2\/posts\/123268","targetHints":{"allow":["GET"]}}],"collection":[{"href":"https:\/\/eldiariodesanpedro.com.ar\/sitio\/wp-json\/wp\/v2\/posts"}],"about":[{"href":"https:\/\/eldiariodesanpedro.com.ar\/sitio\/wp-json\/wp\/v2\/types\/post"}],"author":[{"embeddable":true,"href":"https:\/\/eldiariodesanpedro.com.ar\/sitio\/wp-json\/wp\/v2\/users\/4"}],"replies":[{"embeddable":true,"href":"https:\/\/eldiariodesanpedro.com.ar\/sitio\/wp-json\/wp\/v2\/comments?post=123268"}],"version-history":[{"count":1,"href":"https:\/\/eldiariodesanpedro.com.ar\/sitio\/wp-json\/wp\/v2\/posts\/123268\/revisions"}],"predecessor-version":[{"id":123270,"href":"https:\/\/eldiariodesanpedro.com.ar\/sitio\/wp-json\/wp\/v2\/posts\/123268\/revisions\/123270"}],"wp:featuredmedia":[{"embeddable":true,"href":"https:\/\/eldiariodesanpedro.com.ar\/sitio\/wp-json\/wp\/v2\/media\/123269"}],"wp:attachment":[{"href":"https:\/\/eldiariodesanpedro.com.ar\/sitio\/wp-json\/wp\/v2\/media?parent=123268"}],"wp:term":[{"taxonomy":"category","embeddable":true,"href":"https:\/\/eldiariodesanpedro.com.ar\/sitio\/wp-json\/wp\/v2\/categories?post=123268"},{"taxonomy":"post_tag","embeddable":true,"href":"https:\/\/eldiariodesanpedro.com.ar\/sitio\/wp-json\/wp\/v2\/tags?post=123268"}],"curies":[{"name":"wp","href":"https:\/\/api.w.org\/{rel}","templated":true}]}}