{"id":123264,"date":"2023-10-22T13:06:33","date_gmt":"2023-10-22T16:06:33","guid":{"rendered":"https:\/\/eldiariodesanpedro.com.ar\/sitio\/?p=123264"},"modified":"2023-10-22T13:06:35","modified_gmt":"2023-10-22T16:06:35","slug":"ariel-rey-fuimos-muy-prolijos-y-estamos-tranquilos-que-vamos-a-hacer-una-buena-eleccion","status":"publish","type":"post","link":"https:\/\/eldiariodesanpedro.com.ar\/sitio\/ariel-rey-fuimos-muy-prolijos-y-estamos-tranquilos-que-vamos-a-hacer-una-buena-eleccion\/","title":{"rendered":"Ariel Rey: \u00abFuimos muy prolijos y estamos tranquilos que vamos a hacer una buena elecci\u00f3n\u00bb"},"content":{"rendered":"<!-- VideographyWP Plugin Message: Automatic video embedding prevented by plugin options. -->\n\n<p>Ariel Rey vot\u00f3 esta ma\u00f1ana y coment\u00f3 sobre la jornada electoral. \u00abCreo que comenzamos de manera organizada. Estamos observando c\u00f3mo se desarrolla el d\u00eda electoral con fiscales en todas las escuelas\u00bb.<\/p>\n\n\n\n<p>\u00abHay una buena disposici\u00f3n para defender nuestro espacio. Todos buscamos un cambio. Puede haber algunos retrasos en algunas escuelas, pero todos los fiscales est\u00e1n conectados por tel\u00e9fono. En resumen, la jornada est\u00e1 siendo exitosa\u00bb.<\/p>\n\n\n\n<p>\u00abTenemos grandes expectativas basadas en lo que hemos comunicado durante la campa\u00f1a. La gente est\u00e1 respondiendo positivamente a nuestro espacio pol\u00edtico en construcci\u00f3n\u00bb.<\/p>\n\n\n\n<p>\u00abComo mencionamos previamente con Mauro y el espacio de la UCR, estamos en el inicio de algo grande. Nos sentimos afortunados y comprometidos en continuar desarrollando esto que hemos iniciado gracias a la confianza de la gente\u00bb.<\/p>\n\n\n\n<p>Por su parte, Mauro Rasio declar\u00f3: \u00abDurante las PASO, prometimos unirnos y aqu\u00ed estamos. Esto es un primer paso, especialmente para dos personas que no tienen experiencia pol\u00edtica, como Ariel y yo. Creemos que los cambios reales surgir\u00e1n a trav\u00e9s de nuevas generaciones, impulsando a la juventud hacia el futuro\u00bb.<\/p>\n\n\n\n<figure class=\"wp-block-image size-large\"><img decoding=\"async\" width=\"1024\" height=\"460\" data-attachment-id=\"123266\" data-permalink=\"https:\/\/eldiariodesanpedro.com.ar\/sitio\/ariel-rey-fuimos-muy-prolijos-y-estamos-tranquilos-que-vamos-a-hacer-una-buena-eleccion\/imagen-de-whatsapp-2023-10-22-a-las-10-32-32_ca31aa35\/\" data-orig-file=\"https:\/\/eldiariodesanpedro.com.ar\/sitio\/wp-content\/uploads\/2023\/10\/Imagen-de-WhatsApp-2023-10-22-a-las-10.32.32_ca31aa35.jpg\" data-orig-size=\"1200,539\" data-comments-opened=\"0\" data-image-meta=\"{&quot;aperture&quot;:&quot;0&quot;,&quot;credit&quot;:&quot;&quot;,&quot;camera&quot;:&quot;&quot;,&quot;caption&quot;:&quot;&quot;,&quot;created_timestamp&quot;:&quot;0&quot;,&quot;copyright&quot;:&quot;&quot;,&quot;focal_length&quot;:&quot;0&quot;,&quot;iso&quot;:&quot;0&quot;,&quot;shutter_speed&quot;:&quot;0&quot;,&quot;title&quot;:&quot;&quot;,&quot;orientation&quot;:&quot;0&quot;}\" data-image-title=\"Imagen de WhatsApp 2023-10-22 a las 10.32.32_ca31aa35\" data-image-description=\"\" data-image-caption=\"\" data-large-file=\"https:\/\/eldiariodesanpedro.com.ar\/sitio\/wp-content\/uploads\/2023\/10\/Imagen-de-WhatsApp-2023-10-22-a-las-10.32.32_ca31aa35-1024x460.jpg\" data-src=\"https:\/\/eldiariodesanpedro.com.ar\/sitio\/wp-content\/uploads\/2023\/10\/Imagen-de-WhatsApp-2023-10-22-a-las-10.32.32_ca31aa35-1024x460.jpg\" alt=\"\" class=\"wp-image-123266 lazyload\" data-srcset=\"https:\/\/eldiariodesanpedro.com.ar\/sitio\/wp-content\/uploads\/2023\/10\/Imagen-de-WhatsApp-2023-10-22-a-las-10.32.32_ca31aa35-1024x460.jpg 1024w, https:\/\/eldiariodesanpedro.com.ar\/sitio\/wp-content\/uploads\/2023\/10\/Imagen-de-WhatsApp-2023-10-22-a-las-10.32.32_ca31aa35-300x135.jpg 300w, https:\/\/eldiariodesanpedro.com.ar\/sitio\/wp-content\/uploads\/2023\/10\/Imagen-de-WhatsApp-2023-10-22-a-las-10.32.32_ca31aa35-768x345.jpg 768w, https:\/\/eldiariodesanpedro.com.ar\/sitio\/wp-content\/uploads\/2023\/10\/Imagen-de-WhatsApp-2023-10-22-a-las-10.32.32_ca31aa35.jpg 1200w\" data-sizes=\"(max-width: 1024px) 100vw, 1024px\" src=\"data:image\/svg+xml;base64,PHN2ZyB3aWR0aD0iMSIgaGVpZ2h0PSIxIiB4bWxucz0iaHR0cDovL3d3dy53My5vcmcvMjAwMC9zdmciPjwvc3ZnPg==\" style=\"--smush-placeholder-width: 1024px; --smush-placeholder-aspect-ratio: 1024\/460;\" \/><\/figure>\n","protected":false},"excerpt":{"rendered":"<p>Ariel Rey vot\u00f3 esta ma\u00f1ana y coment\u00f3 sobre la jornada electoral. \u00abCreo que comenzamos de manera organizada. Estamos observando c\u00f3mo se desarrolla el d\u00eda electoral con fiscales en todas las escuelas\u00bb. \u00abHay una buena disposici\u00f3n para defender nuestro espacio. Todos buscamos un cambio. Puede haber algunos retrasos en algunas escuelas, pero todos los fiscales est\u00e1n [&hellip;]<\/p>\n","protected":false},"author":4,"featured_media":123265,"comment_status":"closed","ping_status":"closed","sticky":false,"template":"","format":"standard","meta":{"om_disable_all_campaigns":false,"_jetpack_memberships_contains_paid_content":false,"footnotes":""},"categories":[50,101,2],"tags":[197,696,33,19],"class_list":["post-123264","post","type-post","status-publish","format-standard","has-post-thumbnail","hentry","category-destacadas","category-interes-general-locales","category-locales","tag-buenos-aires","tag-interes-general","tag-locales","tag-san-pedro"],"aioseo_notices":[],"gutentor_comment":0,"jetpack_featured_media_url":"https:\/\/eldiariodesanpedro.com.ar\/sitio\/wp-content\/uploads\/2023\/10\/Imagen-de-WhatsApp-2023-10-22-a-las-10.32.01_ccb63146.jpg","jetpack_shortlink":"https:\/\/wp.me\/p6RhLt-w48","jetpack_sharing_enabled":true,"_links":{"self":[{"href":"https:\/\/eldiariodesanpedro.com.ar\/sitio\/wp-json\/wp\/v2\/posts\/123264","targetHints":{"allow":["GET"]}}],"collection":[{"href":"https:\/\/eldiariodesanpedro.com.ar\/sitio\/wp-json\/wp\/v2\/posts"}],"about":[{"href":"https:\/\/eldiariodesanpedro.com.ar\/sitio\/wp-json\/wp\/v2\/types\/post"}],"author":[{"embeddable":true,"href":"https:\/\/eldiariodesanpedro.com.ar\/sitio\/wp-json\/wp\/v2\/users\/4"}],"replies":[{"embeddable":true,"href":"https:\/\/eldiariodesanpedro.com.ar\/sitio\/wp-json\/wp\/v2\/comments?post=123264"}],"version-history":[{"count":1,"href":"https:\/\/eldiariodesanpedro.com.ar\/sitio\/wp-json\/wp\/v2\/posts\/123264\/revisions"}],"predecessor-version":[{"id":123267,"href":"https:\/\/eldiariodesanpedro.com.ar\/sitio\/wp-json\/wp\/v2\/posts\/123264\/revisions\/123267"}],"wp:featuredmedia":[{"embeddable":true,"href":"https:\/\/eldiariodesanpedro.com.ar\/sitio\/wp-json\/wp\/v2\/media\/123265"}],"wp:attachment":[{"href":"https:\/\/eldiariodesanpedro.com.ar\/sitio\/wp-json\/wp\/v2\/media?parent=123264"}],"wp:term":[{"taxonomy":"category","embeddable":true,"href":"https:\/\/eldiariodesanpedro.com.ar\/sitio\/wp-json\/wp\/v2\/categories?post=123264"},{"taxonomy":"post_tag","embeddable":true,"href":"https:\/\/eldiariodesanpedro.com.ar\/sitio\/wp-json\/wp\/v2\/tags?post=123264"}],"curies":[{"name":"wp","href":"https:\/\/api.w.org\/{rel}","templated":true}]}}