{"id":123257,"date":"2023-10-22T11:52:15","date_gmt":"2023-10-22T14:52:15","guid":{"rendered":"https:\/\/eldiariodesanpedro.com.ar\/sitio\/?p=123257"},"modified":"2023-10-22T11:52:17","modified_gmt":"2023-10-22T14:52:17","slug":"el-registro-de-las-personas-entregara-dni-durante-la-jornada-electoral","status":"publish","type":"post","link":"https:\/\/eldiariodesanpedro.com.ar\/sitio\/el-registro-de-las-personas-entregara-dni-durante-la-jornada-electoral\/","title":{"rendered":"El Registro de las Personas entregar\u00e1 DNI durante la jornada electoral"},"content":{"rendered":"<!-- VideographyWP Plugin Message: Automatic video embedding prevented by plugin options. -->\n\n<p>Las delegaciones permanecer\u00e1n abiertas de 8 a 18 hs en toda la Provincia exclusivamente para retiro de DNI y realizaci\u00f3n de denuncias de extrav\u00edo, en el marco de las elecciones generales.<\/p>\n\n\n\n<p>El domingo 22 de octubre, las m\u00e1s de 500 delegaciones del Registro de las Personas de la provincia de Buenos Aires permanecer\u00e1n abiertas al p\u00fablico en el horario de 8 a 18 hs, solo para el retiro de DNI previamente tramitados y para la toma de denuncias de extrav\u00edo del documento de identidad.<\/p>\n\n\n\n<p>Cabe destacar que la constancia de DNI en tr\u00e1mite no es v\u00e1lida para emitir el sufragio. El pr\u00f3ximo domingo, las y los ciudadanos deber\u00e1n acercarse con la \u00faltima versi\u00f3n del DNI que tengan en su poder para participar del acto eleccionario.<\/p>\n\n\n\n<p>Las y los nativos argentinos pueden consultar consultar el lugar de votaci\u00f3n, n\u00famero de mesa y orden, en <a href=\"http:\/\/www.padron.gob.ar\">www.padron.gob.ar <\/a>En tanto, las y los extranjeros que residen en la provincia de Buenos Aires pueden chequear sus datos en<a href=\"http:\/\/juntaelectoragba.gov.ar.\"> juntaelectoragba.gov.ar<\/a><\/p>\n","protected":false},"excerpt":{"rendered":"<p>Las delegaciones permanecer\u00e1n abiertas de 8 a 18 hs en toda la Provincia exclusivamente para retiro de DNI y realizaci\u00f3n de denuncias de extrav\u00edo, en el marco de las elecciones generales. El domingo 22 de octubre, las m\u00e1s de 500 delegaciones del Registro de las Personas de la provincia de Buenos Aires permanecer\u00e1n abiertas al [&hellip;]<\/p>\n","protected":false},"author":4,"featured_media":123258,"comment_status":"closed","ping_status":"closed","sticky":false,"template":"","format":"standard","meta":{"om_disable_all_campaigns":false,"_jetpack_memberships_contains_paid_content":false,"footnotes":""},"categories":[101,2],"tags":[197,696,33,19],"class_list":["post-123257","post","type-post","status-publish","format-standard","has-post-thumbnail","hentry","category-interes-general-locales","category-locales","tag-buenos-aires","tag-interes-general","tag-locales","tag-san-pedro"],"aioseo_notices":[],"gutentor_comment":0,"jetpack_featured_media_url":"https:\/\/eldiariodesanpedro.com.ar\/sitio\/wp-content\/uploads\/2023\/10\/REGISTRO-CIVIL.jpg","jetpack_shortlink":"https:\/\/wp.me\/p6RhLt-w41","jetpack_sharing_enabled":true,"_links":{"self":[{"href":"https:\/\/eldiariodesanpedro.com.ar\/sitio\/wp-json\/wp\/v2\/posts\/123257","targetHints":{"allow":["GET"]}}],"collection":[{"href":"https:\/\/eldiariodesanpedro.com.ar\/sitio\/wp-json\/wp\/v2\/posts"}],"about":[{"href":"https:\/\/eldiariodesanpedro.com.ar\/sitio\/wp-json\/wp\/v2\/types\/post"}],"author":[{"embeddable":true,"href":"https:\/\/eldiariodesanpedro.com.ar\/sitio\/wp-json\/wp\/v2\/users\/4"}],"replies":[{"embeddable":true,"href":"https:\/\/eldiariodesanpedro.com.ar\/sitio\/wp-json\/wp\/v2\/comments?post=123257"}],"version-history":[{"count":1,"href":"https:\/\/eldiariodesanpedro.com.ar\/sitio\/wp-json\/wp\/v2\/posts\/123257\/revisions"}],"predecessor-version":[{"id":123259,"href":"https:\/\/eldiariodesanpedro.com.ar\/sitio\/wp-json\/wp\/v2\/posts\/123257\/revisions\/123259"}],"wp:featuredmedia":[{"embeddable":true,"href":"https:\/\/eldiariodesanpedro.com.ar\/sitio\/wp-json\/wp\/v2\/media\/123258"}],"wp:attachment":[{"href":"https:\/\/eldiariodesanpedro.com.ar\/sitio\/wp-json\/wp\/v2\/media?parent=123257"}],"wp:term":[{"taxonomy":"category","embeddable":true,"href":"https:\/\/eldiariodesanpedro.com.ar\/sitio\/wp-json\/wp\/v2\/categories?post=123257"},{"taxonomy":"post_tag","embeddable":true,"href":"https:\/\/eldiariodesanpedro.com.ar\/sitio\/wp-json\/wp\/v2\/tags?post=123257"}],"curies":[{"name":"wp","href":"https:\/\/api.w.org\/{rel}","templated":true}]}}