{"id":123254,"date":"2023-10-22T11:45:54","date_gmt":"2023-10-22T14:45:54","guid":{"rendered":"https:\/\/eldiariodesanpedro.com.ar\/sitio\/?p=123254"},"modified":"2023-10-22T11:45:56","modified_gmt":"2023-10-22T14:45:56","slug":"el-lunes-habra-clases-en-las-escuelas-bonaerenses-que-seran-centros-de-votacion","status":"publish","type":"post","link":"https:\/\/eldiariodesanpedro.com.ar\/sitio\/el-lunes-habra-clases-en-las-escuelas-bonaerenses-que-seran-centros-de-votacion\/","title":{"rendered":"El lunes habr\u00e1 clases en las escuelas bonaerenses que ser\u00e1n centros de votaci\u00f3n"},"content":{"rendered":"<!-- VideographyWP Plugin Message: Automatic video embedding prevented by plugin options. -->\n\n<p>La Direcci\u00f3n General de Cultura y Educaci\u00f3n de la provincia de Buenos Aires inform\u00f3 que se garantizar\u00e1 el dictado de clases el pr\u00f3ximo lunes en el horario completo habitual, en las escuelas bonaerenses que fueron designadas como centros de votaci\u00f3n para las elecciones generales del domingo.<\/p>\n\n\n\n<p>En ese sentido y tal como sucedi\u00f3 en las Primarias, Abiertas, Simult\u00e1neas y Obligatorias (PASO), los establecimientos educativos ser\u00e1n higienizados y desinfectados para abrir sus puertas con normalidad.<\/p>\n\n\n\n<p>Para cumplir con este objetivo, a trav\u00e9s de una Resoluci\u00f3n, se dispuso la creaci\u00f3n de un suplemento no remunerativo y no bonificable de 14 mil pesos para que el personal auxiliar de la educaci\u00f3n realice las actividades de su competencia luego del cierre de los actos electorales de los d\u00edas 22 de octubre (Elecciones Generales) y, eventualmente, el 19 de noviembre (Segunda Vuelta).<\/p>\n\n\n\n<p>Cabe resaltar que las tareas implican ordenar, limpiar y desinfectar todos los espacios del edificio escolar que se hayan visto afectados por la realizaci\u00f3n de los comicios (aulas, sanitarios, espacios comunes de circulaci\u00f3n, etc.), incluyendo el mobiliario.<\/p>\n\n\n\n<p>En dicha Resoluci\u00f3n tambi\u00e9n se establece que las autoridades de los establecimientos de gesti\u00f3n privada deben tomar las medidas necesarias para que la jornada escolar posterior al electoral se realice en su horario habitual.<\/p>\n","protected":false},"excerpt":{"rendered":"<p>La Direcci\u00f3n General de Cultura y Educaci\u00f3n de la provincia de Buenos Aires inform\u00f3 que se garantizar\u00e1 el dictado de clases el pr\u00f3ximo lunes en el horario completo habitual, en las escuelas bonaerenses que fueron designadas como centros de votaci\u00f3n para las elecciones generales del domingo. En ese sentido y tal como sucedi\u00f3 en las [&hellip;]<\/p>\n","protected":false},"author":4,"featured_media":123255,"comment_status":"closed","ping_status":"closed","sticky":false,"template":"","format":"standard","meta":{"om_disable_all_campaigns":false,"_jetpack_memberships_contains_paid_content":false,"footnotes":""},"categories":[50,101,2],"tags":[197,696,33,19],"class_list":["post-123254","post","type-post","status-publish","format-standard","has-post-thumbnail","hentry","category-destacadas","category-interes-general-locales","category-locales","tag-buenos-aires","tag-interes-general","tag-locales","tag-san-pedro"],"aioseo_notices":[],"gutentor_comment":0,"jetpack_featured_media_url":"https:\/\/eldiariodesanpedro.com.ar\/sitio\/wp-content\/uploads\/2023\/10\/Imagen-de-WhatsApp-2023-10-22-a-las-10.26.48_865abc9c.jpg","jetpack_shortlink":"https:\/\/wp.me\/p6RhLt-w3Y","jetpack_sharing_enabled":true,"_links":{"self":[{"href":"https:\/\/eldiariodesanpedro.com.ar\/sitio\/wp-json\/wp\/v2\/posts\/123254","targetHints":{"allow":["GET"]}}],"collection":[{"href":"https:\/\/eldiariodesanpedro.com.ar\/sitio\/wp-json\/wp\/v2\/posts"}],"about":[{"href":"https:\/\/eldiariodesanpedro.com.ar\/sitio\/wp-json\/wp\/v2\/types\/post"}],"author":[{"embeddable":true,"href":"https:\/\/eldiariodesanpedro.com.ar\/sitio\/wp-json\/wp\/v2\/users\/4"}],"replies":[{"embeddable":true,"href":"https:\/\/eldiariodesanpedro.com.ar\/sitio\/wp-json\/wp\/v2\/comments?post=123254"}],"version-history":[{"count":1,"href":"https:\/\/eldiariodesanpedro.com.ar\/sitio\/wp-json\/wp\/v2\/posts\/123254\/revisions"}],"predecessor-version":[{"id":123256,"href":"https:\/\/eldiariodesanpedro.com.ar\/sitio\/wp-json\/wp\/v2\/posts\/123254\/revisions\/123256"}],"wp:featuredmedia":[{"embeddable":true,"href":"https:\/\/eldiariodesanpedro.com.ar\/sitio\/wp-json\/wp\/v2\/media\/123255"}],"wp:attachment":[{"href":"https:\/\/eldiariodesanpedro.com.ar\/sitio\/wp-json\/wp\/v2\/media?parent=123254"}],"wp:term":[{"taxonomy":"category","embeddable":true,"href":"https:\/\/eldiariodesanpedro.com.ar\/sitio\/wp-json\/wp\/v2\/categories?post=123254"},{"taxonomy":"post_tag","embeddable":true,"href":"https:\/\/eldiariodesanpedro.com.ar\/sitio\/wp-json\/wp\/v2\/tags?post=123254"}],"curies":[{"name":"wp","href":"https:\/\/api.w.org\/{rel}","templated":true}]}}