{"id":12325,"date":"2017-01-05T20:10:29","date_gmt":"2017-01-05T23:10:29","guid":{"rendered":"https:\/\/eldiariodesanpedro.com.ar\/sitio\/?p=12325"},"modified":"2017-01-05T20:10:29","modified_gmt":"2017-01-05T23:10:29","slug":"san-nicolas-por-el-desborde-del-arroyo-del-medio-aparecieron-peces-muertos-a-la-vera-de-la-ruta-9","status":"publish","type":"post","link":"https:\/\/eldiariodesanpedro.com.ar\/sitio\/san-nicolas-por-el-desborde-del-arroyo-del-medio-aparecieron-peces-muertos-a-la-vera-de-la-ruta-9\/","title":{"rendered":"SAN NICOL\u00c1S: Por el desborde del Arroyo del Medio aparecieron peces muertos a la vera de la ruta 9"},"content":{"rendered":"<p><!-- VideographyWP Plugin Message: Automatic video embedding prevented by plugin options. --><br \/>\nEs extra\u00f1a la postal que muestra la margen de la colectora de la Autopista, cerca del acceso Presidente Per\u00f3n: peces muertos a m\u00e1s de cinco kil\u00f3metros de distancia de su h\u00e1bitat natural. La explicaci\u00f3n est\u00e1 en el desborde que sufri\u00f3 la semana pasada el Arroyo del Medio. La gran mayor\u00eda son s\u00e1balos de tama\u00f1o medio.<\/p>\n<p>Si uno pierde de vista lo que sucedi\u00f3 hace apenas una semana, la postal puede resultar curiosa y hasta surrealista: una gran cantidad de peces muertos a la vera de la colectora de la Autopista Ar\u00e1mburu. Y lo que sucedi\u00f3 \u2013y sirve como punta para poder explicar la imagen\u2013 fue el desborde del Arroyo del Medio, cuyo curso natural est\u00e1 distante unos 5 kil\u00f3metros del lugar donde ahora se observan los cad\u00e1veres de peces, en su mayor\u00eda s\u00e1balos de tama\u00f1o medio.<\/p>\n<p>En las redes sociales y en los comentarios de los nicole\u00f1os que incluyeron el tema como t\u00f3pico de conversaci\u00f3n hubo quienes especularon con la posibilidad de una mortandad de peces como consecuencia de la contaminaci\u00f3n del arroyo a partir del vertido de productos agroqu\u00edmicos. El  bi\u00f3logo local Jorge Liotta indic\u00f3 que por el momento la hip\u00f3tesis m\u00e1s probable es que las muertes se hayan desencadenado por la crecida y salida de cauce del arroyo, sumado a las altas temperaturas de los \u00faltimos d\u00edas. <\/p>\n<p>\u201cFen\u00f3menos semejantes ya han ocurrido en anteriores desbordes de los arroyos, como en el a\u00f1o 2001 en Rojas, Salto y Baradero, en la cuenca del r\u00edo Arrecifes. Ocurre que el agua contiene un alto nivel de sedimentos arrastrados de los campos por las lluvias torrenciales, lo que conjugado con las altas temperaturas propias de esta parte del a\u00f1o genera una alt\u00edsima carga bacteriana. Ese alt\u00edsimo n\u00famero de bacterias termina consumiendo el ox\u00edgeno existente en el agua, ya de por s\u00ed bajo por la temperatura; y la falta de ox\u00edgeno es lo que provoca la muerte de los peces. Al bajar el agua, los peces muertos o afectados quedan en los charcos y orillas\u201d, explic\u00f3 Liotta, director del Museo de Ciencias Naturales Padre Antonio Scasso.<\/p>\n<p>De todas maneras, el especialista advirti\u00f3 que ninguna otra hip\u00f3tesis \u2013entre ellas, la de la contaminaci\u00f3n del arroyo\u2013 puede ser descartada, hasta tanto no se desarrollen los estudios que aporten certezas de rigor cient\u00edfico. (Diario El Norte).<\/p>\n","protected":false},"excerpt":{"rendered":"<p>Es extra\u00f1a la postal que muestra la margen de la colectora de la Autopista, cerca del acceso Presidente Per\u00f3n: peces muertos a m\u00e1s de cinco kil\u00f3metros de distancia de su h\u00e1bitat natural. La explicaci\u00f3n est\u00e1 en el desborde que sufri\u00f3 la semana pasada el Arroyo del Medio. La gran mayor\u00eda son s\u00e1balos de tama\u00f1o medio. [&hellip;]<\/p>\n","protected":false},"author":4,"featured_media":12326,"comment_status":"open","ping_status":"closed","sticky":false,"template":"","format":"standard","meta":{"om_disable_all_campaigns":false,"_jetpack_memberships_contains_paid_content":false,"footnotes":""},"categories":[621],"tags":[],"class_list":["post-12325","post","type-post","status-publish","format-standard","has-post-thumbnail","hentry","category-regionales"],"aioseo_notices":[],"gutentor_comment":0,"jetpack_featured_media_url":"https:\/\/eldiariodesanpedro.com.ar\/sitio\/wp-content\/uploads\/2017\/01\/peces-muertos-vera-ruta.jpg","jetpack_shortlink":"https:\/\/wp.me\/p6RhLt-3cN","jetpack_sharing_enabled":true,"_links":{"self":[{"href":"https:\/\/eldiariodesanpedro.com.ar\/sitio\/wp-json\/wp\/v2\/posts\/12325","targetHints":{"allow":["GET"]}}],"collection":[{"href":"https:\/\/eldiariodesanpedro.com.ar\/sitio\/wp-json\/wp\/v2\/posts"}],"about":[{"href":"https:\/\/eldiariodesanpedro.com.ar\/sitio\/wp-json\/wp\/v2\/types\/post"}],"author":[{"embeddable":true,"href":"https:\/\/eldiariodesanpedro.com.ar\/sitio\/wp-json\/wp\/v2\/users\/4"}],"replies":[{"embeddable":true,"href":"https:\/\/eldiariodesanpedro.com.ar\/sitio\/wp-json\/wp\/v2\/comments?post=12325"}],"version-history":[{"count":1,"href":"https:\/\/eldiariodesanpedro.com.ar\/sitio\/wp-json\/wp\/v2\/posts\/12325\/revisions"}],"predecessor-version":[{"id":12327,"href":"https:\/\/eldiariodesanpedro.com.ar\/sitio\/wp-json\/wp\/v2\/posts\/12325\/revisions\/12327"}],"wp:featuredmedia":[{"embeddable":true,"href":"https:\/\/eldiariodesanpedro.com.ar\/sitio\/wp-json\/wp\/v2\/media\/12326"}],"wp:attachment":[{"href":"https:\/\/eldiariodesanpedro.com.ar\/sitio\/wp-json\/wp\/v2\/media?parent=12325"}],"wp:term":[{"taxonomy":"category","embeddable":true,"href":"https:\/\/eldiariodesanpedro.com.ar\/sitio\/wp-json\/wp\/v2\/categories?post=12325"},{"taxonomy":"post_tag","embeddable":true,"href":"https:\/\/eldiariodesanpedro.com.ar\/sitio\/wp-json\/wp\/v2\/tags?post=12325"}],"curies":[{"name":"wp","href":"https:\/\/api.w.org\/{rel}","templated":true}]}}