{"id":123249,"date":"2023-10-22T11:03:18","date_gmt":"2023-10-22T14:03:18","guid":{"rendered":"https:\/\/eldiariodesanpedro.com.ar\/sitio\/?p=123249"},"modified":"2023-10-22T11:03:20","modified_gmt":"2023-10-22T14:03:20","slug":"manana-tranquila-en-las-elecciones-2023","status":"publish","type":"post","link":"https:\/\/eldiariodesanpedro.com.ar\/sitio\/manana-tranquila-en-las-elecciones-2023\/","title":{"rendered":"Ma\u00f1ana tranquila en las elecciones 2023"},"content":{"rendered":"<!-- VideographyWP Plugin Message: Automatic video embedding prevented by plugin options. -->\n\n<p><span style=\"color: rgb(55, 65, 81); font-family: S\u00f6hne, ui-sans-serif, system-ui, -apple-system, &quot;Segoe UI&quot;, Roboto, Ubuntu, Cantarell, &quot;Noto Sans&quot;, sans-serif, &quot;Helvetica Neue&quot;, Arial, &quot;Apple Color Emoji&quot;, &quot;Segoe UI Emoji&quot;, &quot;Segoe UI Symbol&quot;, &quot;Noto Color Emoji&quot;; font-size: 16px; background-color: rgb(247, 247, 248);\">Con reducido tr\u00e1fico en la v\u00eda p\u00fablica debido a la lluvia y ciertos retrasos en algunas escuelas, se dio inicio al acto eleccionario en San Pedro. La Escuela Normal fue uno de los establecimientos que tard\u00f3 m\u00e1s en comenzar la recepci\u00f3n de votantes, mientras que otras instituciones, como la Escuela 3, iniciaron puntualmente. Juan Almada, presente como fiscal general, expres\u00f3: \u00abNo puede estar cerrado. Deber\u00edan comenzar al menos con las mesas preparadas\u00bb. En relaci\u00f3n al escaso movimiento, coment\u00f3: \u00abParece que la lluvia ha disminuido el entusiasmo electoral. Me sorprendi\u00f3 la falta de actividad en la calle\u00bb. La llovizna, en algunos casos, dificulta la din\u00e1mica en las escuelas si se acumula una gran cantidad de personas.<\/span><\/p>\n","protected":false},"excerpt":{"rendered":"<p>Con reducido tr\u00e1fico en la v\u00eda p\u00fablica debido a la lluvia y ciertos retrasos en algunas escuelas, se dio inicio al acto eleccionario en San Pedro. La Escuela Normal fue uno de los establecimientos que tard\u00f3 m\u00e1s en comenzar la recepci\u00f3n de votantes, mientras que otras instituciones, como la Escuela 3, iniciaron puntualmente. Juan Almada, [&hellip;]<\/p>\n","protected":false},"author":4,"featured_media":123252,"comment_status":"closed","ping_status":"closed","sticky":false,"template":"","format":"standard","meta":{"om_disable_all_campaigns":false,"_jetpack_memberships_contains_paid_content":false,"footnotes":""},"categories":[101,2],"tags":[],"class_list":["post-123249","post","type-post","status-publish","format-standard","has-post-thumbnail","hentry","category-interes-general-locales","category-locales"],"aioseo_notices":[],"gutentor_comment":0,"jetpack_featured_media_url":"https:\/\/eldiariodesanpedro.com.ar\/sitio\/wp-content\/uploads\/2023\/10\/Imagen-de-WhatsApp-2023-10-22-a-las-09.49.33_6bc6aff4.jpg","jetpack_shortlink":"https:\/\/wp.me\/p6RhLt-w3T","jetpack_sharing_enabled":true,"_links":{"self":[{"href":"https:\/\/eldiariodesanpedro.com.ar\/sitio\/wp-json\/wp\/v2\/posts\/123249","targetHints":{"allow":["GET"]}}],"collection":[{"href":"https:\/\/eldiariodesanpedro.com.ar\/sitio\/wp-json\/wp\/v2\/posts"}],"about":[{"href":"https:\/\/eldiariodesanpedro.com.ar\/sitio\/wp-json\/wp\/v2\/types\/post"}],"author":[{"embeddable":true,"href":"https:\/\/eldiariodesanpedro.com.ar\/sitio\/wp-json\/wp\/v2\/users\/4"}],"replies":[{"embeddable":true,"href":"https:\/\/eldiariodesanpedro.com.ar\/sitio\/wp-json\/wp\/v2\/comments?post=123249"}],"version-history":[{"count":1,"href":"https:\/\/eldiariodesanpedro.com.ar\/sitio\/wp-json\/wp\/v2\/posts\/123249\/revisions"}],"predecessor-version":[{"id":123253,"href":"https:\/\/eldiariodesanpedro.com.ar\/sitio\/wp-json\/wp\/v2\/posts\/123249\/revisions\/123253"}],"wp:featuredmedia":[{"embeddable":true,"href":"https:\/\/eldiariodesanpedro.com.ar\/sitio\/wp-json\/wp\/v2\/media\/123252"}],"wp:attachment":[{"href":"https:\/\/eldiariodesanpedro.com.ar\/sitio\/wp-json\/wp\/v2\/media?parent=123249"}],"wp:term":[{"taxonomy":"category","embeddable":true,"href":"https:\/\/eldiariodesanpedro.com.ar\/sitio\/wp-json\/wp\/v2\/categories?post=123249"},{"taxonomy":"post_tag","embeddable":true,"href":"https:\/\/eldiariodesanpedro.com.ar\/sitio\/wp-json\/wp\/v2\/tags?post=123249"}],"curies":[{"name":"wp","href":"https:\/\/api.w.org\/{rel}","templated":true}]}}