{"id":123245,"date":"2023-10-20T18:13:34","date_gmt":"2023-10-20T21:13:34","guid":{"rendered":"https:\/\/eldiariodesanpedro.com.ar\/sitio\/?p=123245"},"modified":"2023-10-20T18:13:36","modified_gmt":"2023-10-20T21:13:36","slug":"inicio-de-temporada-de-empaque-de-frutas-con-carozo-de-magnifresh-s-a","status":"publish","type":"post","link":"https:\/\/eldiariodesanpedro.com.ar\/sitio\/inicio-de-temporada-de-empaque-de-frutas-con-carozo-de-magnifresh-s-a\/","title":{"rendered":"Inicio de Temporada de empaque de frutas con carozo de Magnifresh S.A."},"content":{"rendered":"<!-- VideographyWP Plugin Message: Automatic video embedding prevented by plugin options. -->\n\n<p class=\"has-text-align-center\">MAGNIFRESH S.A.<\/p>\n\n\n\n<p>La empresa notifica por este medio a todo el personal que a partir del d\u00eda 23\/11\/2023 comienza su v\u00ednculo laboral con la empresa con motivo del inicio&nbsp;de la temporada de empaque de fruta de carozo del per\u00edodo 2023 y hasta la finalizaci\u00f3n de la misma. Se notifica el inicio de la misma dando cumplimiento con lo determinado en la ley 20.744.<\/p>\n","protected":false},"excerpt":{"rendered":"<p>MAGNIFRESH S.A. La empresa notifica por este medio a todo el personal que a partir del d\u00eda 23\/11\/2023 comienza su v\u00ednculo laboral con la empresa con motivo del inicio&nbsp;de la temporada de empaque de fruta de carozo del per\u00edodo 2023 y hasta la finalizaci\u00f3n de la misma. Se notifica el inicio de la misma dando [&hellip;]<\/p>\n","protected":false},"author":4,"featured_media":123246,"comment_status":"closed","ping_status":"closed","sticky":false,"template":"","format":"standard","meta":{"om_disable_all_campaigns":false,"_jetpack_memberships_contains_paid_content":false,"footnotes":""},"categories":[678,676],"tags":[4551],"class_list":["post-123245","post","type-post","status-publish","format-standard","has-post-thumbnail","hentry","category-convocatorias","category-edictos","tag-inicio-de-temporada-de-empaque-de-frutas-con-carozo-de-magnifresh-s-a"],"aioseo_notices":[],"gutentor_comment":0,"jetpack_featured_media_url":"https:\/\/eldiariodesanpedro.com.ar\/sitio\/wp-content\/uploads\/2023\/10\/Magnifresh-Octubre-2023.png","jetpack_shortlink":"https:\/\/wp.me\/p6RhLt-w3P","jetpack_sharing_enabled":true,"_links":{"self":[{"href":"https:\/\/eldiariodesanpedro.com.ar\/sitio\/wp-json\/wp\/v2\/posts\/123245","targetHints":{"allow":["GET"]}}],"collection":[{"href":"https:\/\/eldiariodesanpedro.com.ar\/sitio\/wp-json\/wp\/v2\/posts"}],"about":[{"href":"https:\/\/eldiariodesanpedro.com.ar\/sitio\/wp-json\/wp\/v2\/types\/post"}],"author":[{"embeddable":true,"href":"https:\/\/eldiariodesanpedro.com.ar\/sitio\/wp-json\/wp\/v2\/users\/4"}],"replies":[{"embeddable":true,"href":"https:\/\/eldiariodesanpedro.com.ar\/sitio\/wp-json\/wp\/v2\/comments?post=123245"}],"version-history":[{"count":1,"href":"https:\/\/eldiariodesanpedro.com.ar\/sitio\/wp-json\/wp\/v2\/posts\/123245\/revisions"}],"predecessor-version":[{"id":123247,"href":"https:\/\/eldiariodesanpedro.com.ar\/sitio\/wp-json\/wp\/v2\/posts\/123245\/revisions\/123247"}],"wp:featuredmedia":[{"embeddable":true,"href":"https:\/\/eldiariodesanpedro.com.ar\/sitio\/wp-json\/wp\/v2\/media\/123246"}],"wp:attachment":[{"href":"https:\/\/eldiariodesanpedro.com.ar\/sitio\/wp-json\/wp\/v2\/media?parent=123245"}],"wp:term":[{"taxonomy":"category","embeddable":true,"href":"https:\/\/eldiariodesanpedro.com.ar\/sitio\/wp-json\/wp\/v2\/categories?post=123245"},{"taxonomy":"post_tag","embeddable":true,"href":"https:\/\/eldiariodesanpedro.com.ar\/sitio\/wp-json\/wp\/v2\/tags?post=123245"}],"curies":[{"name":"wp","href":"https:\/\/api.w.org\/{rel}","templated":true}]}}