{"id":123242,"date":"2023-10-20T17:54:11","date_gmt":"2023-10-20T20:54:11","guid":{"rendered":"https:\/\/eldiariodesanpedro.com.ar\/sitio\/?p=123242"},"modified":"2023-10-20T17:54:13","modified_gmt":"2023-10-20T20:54:13","slug":"dia-mundial-de-concientizacion-sobre-el-cancer-de-mama-se-realizo-la-jornada-en-plaza-belgrano","status":"publish","type":"post","link":"https:\/\/eldiariodesanpedro.com.ar\/sitio\/dia-mundial-de-concientizacion-sobre-el-cancer-de-mama-se-realizo-la-jornada-en-plaza-belgrano\/","title":{"rendered":"D\u00eda Mundial de Concientizaci\u00f3n sobre el C\u00e1ncer de Mama: Se realiz\u00f3 la jornada en Plaza Belgrano"},"content":{"rendered":"<!-- VideographyWP Plugin Message: Automatic video embedding prevented by plugin options. -->\n\n<p>Este jueves 19 de Octubre se realiz\u00f3 la jornada en Plaza Belgrano en el marco del D\u00eda Mundial de Concientizaci\u00f3n sobre el C\u00e1ncer de Mama.&nbsp;<\/p>\n\n\n\n<p>La actividad organizada por ALUCEC San Pedro, adherida a LALCEC, cont\u00f3 con la participaci\u00f3n de la Secretar\u00eda de Salud y el Hospital Privado SADIV. Tambi\u00e9n se dispusieron stands con actividades de Cuidadores de la Casa Com\u00fan, Diagn\u00f3stico por Imagen (que present\u00f3 el tom\u00f3grafo mamario) y la pe\u00f1a de San Lorenzo Agrupaci\u00f3n Azulgrana que impuls\u00f3 la difusi\u00f3n de la prevenci\u00f3n en los hombres.&nbsp;<a><\/a><\/p>\n\n\n\n<p>A lo largo de la tarde fueron disertantes los doctores Gustavo Wagner, Ana Taurizano, Eduardo Liljesthrom y Mar\u00eda de los \u00c1ngeles Gonz\u00e1lez. Tambi\u00e9n participaron el profesor Fernando Fontela (del CEF) en relaci\u00f3n a la consigna de este a\u00f1o: Activate y venzamos el sedentarismo.&nbsp;<\/p>\n\n\n\n<p>Otras charlas y talleres contaron con la participaci\u00f3n de Sof\u00eda Beccaria, Celeste Ferreyra, Natalia Guti\u00e9rrez, la psic\u00f3loga Sandra Sorbara, Oriana Pessoli, Cata Mana y Luciana Vicens.&nbsp;<\/p>\n","protected":false},"excerpt":{"rendered":"<p>Este jueves 19 de Octubre se realiz\u00f3 la jornada en Plaza Belgrano en el marco del D\u00eda Mundial de Concientizaci\u00f3n sobre el C\u00e1ncer de Mama.&nbsp; La actividad organizada por ALUCEC San Pedro, adherida a LALCEC, cont\u00f3 con la participaci\u00f3n de la Secretar\u00eda de Salud y el Hospital Privado SADIV. Tambi\u00e9n se dispusieron stands con actividades [&hellip;]<\/p>\n","protected":false},"author":4,"featured_media":123243,"comment_status":"closed","ping_status":"closed","sticky":false,"template":"","format":"standard","meta":{"om_disable_all_campaigns":false,"_jetpack_memberships_contains_paid_content":false,"footnotes":""},"categories":[50,101,2],"tags":[197,696,33,19],"class_list":["post-123242","post","type-post","status-publish","format-standard","has-post-thumbnail","hentry","category-destacadas","category-interes-general-locales","category-locales","tag-buenos-aires","tag-interes-general","tag-locales","tag-san-pedro"],"aioseo_notices":[],"gutentor_comment":0,"jetpack_featured_media_url":"https:\/\/eldiariodesanpedro.com.ar\/sitio\/wp-content\/uploads\/2023\/10\/WhatsApp-Image-2023-10-19-at-20.24.28-1.jpeg","jetpack_shortlink":"https:\/\/wp.me\/p6RhLt-w3M","jetpack_sharing_enabled":true,"_links":{"self":[{"href":"https:\/\/eldiariodesanpedro.com.ar\/sitio\/wp-json\/wp\/v2\/posts\/123242","targetHints":{"allow":["GET"]}}],"collection":[{"href":"https:\/\/eldiariodesanpedro.com.ar\/sitio\/wp-json\/wp\/v2\/posts"}],"about":[{"href":"https:\/\/eldiariodesanpedro.com.ar\/sitio\/wp-json\/wp\/v2\/types\/post"}],"author":[{"embeddable":true,"href":"https:\/\/eldiariodesanpedro.com.ar\/sitio\/wp-json\/wp\/v2\/users\/4"}],"replies":[{"embeddable":true,"href":"https:\/\/eldiariodesanpedro.com.ar\/sitio\/wp-json\/wp\/v2\/comments?post=123242"}],"version-history":[{"count":1,"href":"https:\/\/eldiariodesanpedro.com.ar\/sitio\/wp-json\/wp\/v2\/posts\/123242\/revisions"}],"predecessor-version":[{"id":123244,"href":"https:\/\/eldiariodesanpedro.com.ar\/sitio\/wp-json\/wp\/v2\/posts\/123242\/revisions\/123244"}],"wp:featuredmedia":[{"embeddable":true,"href":"https:\/\/eldiariodesanpedro.com.ar\/sitio\/wp-json\/wp\/v2\/media\/123243"}],"wp:attachment":[{"href":"https:\/\/eldiariodesanpedro.com.ar\/sitio\/wp-json\/wp\/v2\/media?parent=123242"}],"wp:term":[{"taxonomy":"category","embeddable":true,"href":"https:\/\/eldiariodesanpedro.com.ar\/sitio\/wp-json\/wp\/v2\/categories?post=123242"},{"taxonomy":"post_tag","embeddable":true,"href":"https:\/\/eldiariodesanpedro.com.ar\/sitio\/wp-json\/wp\/v2\/tags?post=123242"}],"curies":[{"name":"wp","href":"https:\/\/api.w.org\/{rel}","templated":true}]}}