{"id":123232,"date":"2023-10-20T10:39:26","date_gmt":"2023-10-20T13:39:26","guid":{"rendered":"https:\/\/eldiariodesanpedro.com.ar\/sitio\/?p=123232"},"modified":"2023-10-20T10:39:28","modified_gmt":"2023-10-20T13:39:28","slug":"el-hospital-tendra-el-tomografo-publico-de-mayor-resolucion-de-la-region-sanitaria-iv","status":"publish","type":"post","link":"https:\/\/eldiariodesanpedro.com.ar\/sitio\/el-hospital-tendra-el-tomografo-publico-de-mayor-resolucion-de-la-region-sanitaria-iv\/","title":{"rendered":"El Hospital tendr\u00e1 el tom\u00f3grafo p\u00fablico de mayor resoluci\u00f3n de la Regi\u00f3n Sanitaria IV"},"content":{"rendered":"<!-- VideographyWP Plugin Message: Automatic video embedding prevented by plugin options. -->\n\n<p>En la tarde de este jueves 19 de octubre arrib\u00f3 a San Pedro, el tom\u00f3grafo que ser\u00e1 instalado en el Hospital Emilio Ruffa en un plazo de 45 d\u00edas, para comenzar a brindar este servicio fundamental para la Salud P\u00fablica del Partido, sin la necesidad de tercerizaciones.<\/p>\n\n\n\n<p>Luego de las gestiones realizadas desde el gobierno del Intendente Cecilio Salazar se logr\u00f3 adquirir este equipo de \u00faltima generaci\u00f3n, que ofrece prestaciones de alta resoluci\u00f3n (32 cortes), brindando a los profesionales un nivel de precisi\u00f3n en los diagn\u00f3sticos, superior a la oferta disponible actualmente en el sector privado y el de mayor resoluci\u00f3n dentro del sistema p\u00fablico en toda la Regi\u00f3n Sanitaria IV.<\/p>\n\n\n\n<p>El tom\u00f3grafo (NeuViz ACE SP), fue adquirido a trav\u00e9s de una licitaci\u00f3n de aproximadamente 72 millones de pesos, financiado en un 60% por un convenio por el Ministerio del Interior y el resto con recursos propios gestionados por la Administraci\u00f3n del Hospital a trav\u00e9s del Plan SUMAR. Adem\u00e1s, desde el gobierno local se financiar\u00e1 la obra de instalaci\u00f3n del equipo por aproximadamente 12 millones de pesos.<\/p>\n\n\n\n<p>Muy emocionado con este acontecimiento el Intendente Cecilio Salazar, el Secretario de Salud Pablo Pichioni, la Directora del Hospital Dra. Mar\u00eda Vargas, el Director Administrativo Roberto Borgo, funcionarios y trabajadores de la salud acompa\u00f1aron este momento tan esperado y significativo en el Dep\u00f3sito de la empresa Ruta 9 Group, que marca otro hito, en la concreci\u00f3n de la pol\u00edtica de salud p\u00fablica, pilar fundamental en los \u00faltimos a\u00f1os.<\/p>\n\n\n\n<p>Luego de la finalizaci\u00f3n del contrato con un prestador privado que operaba un tom\u00f3grafo propio dentro del Hospital, cobrando el servicio al estado local o a trav\u00e9s de una tasa colaborativa, el municipio, ante situaciones que requieran este tipo de estudios, cubre los gastos de las tomograf\u00edas en los establecimientos privados de San Pedro y los traslados correspondientes, brindando la cobertura que los pacientes sin obra social necesitan.<\/p>\n\n\n\n<p>En momentos a\u00fan m\u00e1s complejos, la pr\u00e1ctica de una tomograf\u00eda pod\u00eda llegar a ser programada con largos plazos y fuera de San Pedro.<\/p>\n\n\n\n<p>Por todo esto, los sampedrinos, nos encontramos ante un hecho realmente importante, que tendr\u00e1 su concreci\u00f3n definitiva, en aproximadamente seis semanas, cuando el equipo sea ubicado en una sala especial dentro del Hospital Emilio Ruffa, para ser operado por el personal que adem\u00e1s viene completando las capacitaciones para la realizaci\u00f3n de\u00a0los\u00a0estudios.<\/p>\n","protected":false},"excerpt":{"rendered":"<p>En la tarde de este jueves 19 de octubre arrib\u00f3 a San Pedro, el tom\u00f3grafo que ser\u00e1 instalado en el Hospital Emilio Ruffa en un plazo de 45 d\u00edas, para comenzar a brindar este servicio fundamental para la Salud P\u00fablica del Partido, sin la necesidad de tercerizaciones. Luego de las gestiones realizadas desde el gobierno [&hellip;]<\/p>\n","protected":false},"author":4,"featured_media":123234,"comment_status":"closed","ping_status":"closed","sticky":false,"template":"","format":"standard","meta":{"om_disable_all_campaigns":false,"_jetpack_memberships_contains_paid_content":false,"footnotes":""},"categories":[50,101,2],"tags":[197,696,33,19],"class_list":["post-123232","post","type-post","status-publish","format-standard","has-post-thumbnail","hentry","category-destacadas","category-interes-general-locales","category-locales","tag-buenos-aires","tag-interes-general","tag-locales","tag-san-pedro"],"aioseo_notices":[],"gutentor_comment":0,"jetpack_featured_media_url":"https:\/\/eldiariodesanpedro.com.ar\/sitio\/wp-content\/uploads\/2023\/10\/Imagen-de-WhatsApp-2023-10-19-a-las-18.09.20_630ffffc.jpg","jetpack_shortlink":"https:\/\/wp.me\/p6RhLt-w3C","jetpack_sharing_enabled":true,"_links":{"self":[{"href":"https:\/\/eldiariodesanpedro.com.ar\/sitio\/wp-json\/wp\/v2\/posts\/123232","targetHints":{"allow":["GET"]}}],"collection":[{"href":"https:\/\/eldiariodesanpedro.com.ar\/sitio\/wp-json\/wp\/v2\/posts"}],"about":[{"href":"https:\/\/eldiariodesanpedro.com.ar\/sitio\/wp-json\/wp\/v2\/types\/post"}],"author":[{"embeddable":true,"href":"https:\/\/eldiariodesanpedro.com.ar\/sitio\/wp-json\/wp\/v2\/users\/4"}],"replies":[{"embeddable":true,"href":"https:\/\/eldiariodesanpedro.com.ar\/sitio\/wp-json\/wp\/v2\/comments?post=123232"}],"version-history":[{"count":1,"href":"https:\/\/eldiariodesanpedro.com.ar\/sitio\/wp-json\/wp\/v2\/posts\/123232\/revisions"}],"predecessor-version":[{"id":123237,"href":"https:\/\/eldiariodesanpedro.com.ar\/sitio\/wp-json\/wp\/v2\/posts\/123232\/revisions\/123237"}],"wp:featuredmedia":[{"embeddable":true,"href":"https:\/\/eldiariodesanpedro.com.ar\/sitio\/wp-json\/wp\/v2\/media\/123234"}],"wp:attachment":[{"href":"https:\/\/eldiariodesanpedro.com.ar\/sitio\/wp-json\/wp\/v2\/media?parent=123232"}],"wp:term":[{"taxonomy":"category","embeddable":true,"href":"https:\/\/eldiariodesanpedro.com.ar\/sitio\/wp-json\/wp\/v2\/categories?post=123232"},{"taxonomy":"post_tag","embeddable":true,"href":"https:\/\/eldiariodesanpedro.com.ar\/sitio\/wp-json\/wp\/v2\/tags?post=123232"}],"curies":[{"name":"wp","href":"https:\/\/api.w.org\/{rel}","templated":true}]}}