{"id":123223,"date":"2023-10-19T23:44:02","date_gmt":"2023-10-20T02:44:02","guid":{"rendered":"https:\/\/eldiariodesanpedro.com.ar\/sitio\/?p=123223"},"modified":"2023-10-19T23:44:03","modified_gmt":"2023-10-20T02:44:03","slug":"edicto-de-edicto-de-transferencia-de-fondo-de-comercio-de-farmacia-select","status":"publish","type":"post","link":"https:\/\/eldiariodesanpedro.com.ar\/sitio\/edicto-de-edicto-de-transferencia-de-fondo-de-comercio-de-farmacia-select\/","title":{"rendered":"Edicto de Edicto de Transferencia de Fondo de Comercio de Farmacia SELECT"},"content":{"rendered":"<!-- VideographyWP Plugin Message: Automatic video embedding prevented by plugin options. -->\n\n<p>Edicto de Transferencia de Fondo de Comercio (Art. 2\u00b0 Ley 11.867). Se hace saber que el Sr. Rodolfo Jaime SANTACREU, DNI 14.404.687, CUIT 20-14404687-1, con domicilio en Col\u00f3n 239, San Pedro (B); Anuncia la Transferencia del 100% del Fondo de Comercio de su propiedad del rubro Farmacia que gira bajo el nombre de <strong>\u201cFarmacia SELECT\u201d<\/strong> sita en Bm\u00e9. Mitre 1101, de la ciudad de San Pedro, Pcia. de Buenos Aires, habilitada por el Director Jos\u00e9 Luis Alfredo Cugnetto, de la Direcci\u00f3n de Farmacias del Ministerio de Salud, mediante Tr\u00e1mite N\u00b0 23177, Disposici\u00f3n N\u00b0 DISPO-2022-296-GDEBA-DFMSALGP, Expte. EX-2022-07533573-GDEBA-DFMSALGP, a la <strong><em>Sociedad Comandita Simple<\/em> <\/strong>denominada<strong> \u201cFARMACIA SANTACREU S.C.S.\u201d<\/strong>, CUIT 33-71822602-9, con domicilio en Mitre N\u00b0 1101 de San Pedro (B), Folio de Inscripci\u00f3n N\u00b0 204699, Inscripta en la Matr\u00edcula: 159363, Legajo: 276204, conf. Expte.: EXP\u2013 21209-202605\/23\/1. Para reclamos por el plazo de ley en Estudio Jur\u00eddico Dr. Pablo Ariel ACTIS, sito en 25 de Mayo N\u00b0 471, de San Pedro (B).-\u00a0<\/p>\n\n\n\n<p>(Publicaci\u00f3n V\u00e1lida los d\u00edas 19, 20, 21, 22 Y 23 de octubre de 2023)<\/p>\n","protected":false},"excerpt":{"rendered":"<p>Edicto de Transferencia de Fondo de Comercio (Art. 2\u00b0 Ley 11.867). Se hace saber que el Sr. Rodolfo Jaime SANTACREU, DNI 14.404.687, CUIT 20-14404687-1, con domicilio en Col\u00f3n 239, San Pedro (B); Anuncia la Transferencia del 100% del Fondo de Comercio de su propiedad del rubro Farmacia que gira bajo el nombre de \u201cFarmacia SELECT\u201d [&hellip;]<\/p>\n","protected":false},"author":4,"featured_media":102746,"comment_status":"closed","ping_status":"closed","sticky":false,"template":"","format":"standard","meta":{"om_disable_all_campaigns":false,"_jetpack_memberships_contains_paid_content":false,"footnotes":""},"categories":[676,1124],"tags":[4549],"class_list":["post-123223","post","type-post","status-publish","format-standard","has-post-thumbnail","hentry","category-edictos","category-edictos-especiales","tag-edicto-de-edicto-de-transferencia-de-fondo-de-comercio-de-farmacia-select"],"aioseo_notices":[],"gutentor_comment":0,"jetpack_featured_media_url":"https:\/\/eldiariodesanpedro.com.ar\/sitio\/wp-content\/uploads\/2022\/01\/EDICTO.jpg","jetpack_shortlink":"https:\/\/wp.me\/p6RhLt-w3t","jetpack_sharing_enabled":true,"_links":{"self":[{"href":"https:\/\/eldiariodesanpedro.com.ar\/sitio\/wp-json\/wp\/v2\/posts\/123223","targetHints":{"allow":["GET"]}}],"collection":[{"href":"https:\/\/eldiariodesanpedro.com.ar\/sitio\/wp-json\/wp\/v2\/posts"}],"about":[{"href":"https:\/\/eldiariodesanpedro.com.ar\/sitio\/wp-json\/wp\/v2\/types\/post"}],"author":[{"embeddable":true,"href":"https:\/\/eldiariodesanpedro.com.ar\/sitio\/wp-json\/wp\/v2\/users\/4"}],"replies":[{"embeddable":true,"href":"https:\/\/eldiariodesanpedro.com.ar\/sitio\/wp-json\/wp\/v2\/comments?post=123223"}],"version-history":[{"count":1,"href":"https:\/\/eldiariodesanpedro.com.ar\/sitio\/wp-json\/wp\/v2\/posts\/123223\/revisions"}],"predecessor-version":[{"id":123224,"href":"https:\/\/eldiariodesanpedro.com.ar\/sitio\/wp-json\/wp\/v2\/posts\/123223\/revisions\/123224"}],"wp:featuredmedia":[{"embeddable":true,"href":"https:\/\/eldiariodesanpedro.com.ar\/sitio\/wp-json\/wp\/v2\/media\/102746"}],"wp:attachment":[{"href":"https:\/\/eldiariodesanpedro.com.ar\/sitio\/wp-json\/wp\/v2\/media?parent=123223"}],"wp:term":[{"taxonomy":"category","embeddable":true,"href":"https:\/\/eldiariodesanpedro.com.ar\/sitio\/wp-json\/wp\/v2\/categories?post=123223"},{"taxonomy":"post_tag","embeddable":true,"href":"https:\/\/eldiariodesanpedro.com.ar\/sitio\/wp-json\/wp\/v2\/tags?post=123223"}],"curies":[{"name":"wp","href":"https:\/\/api.w.org\/{rel}","templated":true}]}}