{"id":12321,"date":"2017-01-05T20:07:43","date_gmt":"2017-01-05T23:07:43","guid":{"rendered":"https:\/\/eldiariodesanpedro.com.ar\/sitio\/?p=12321"},"modified":"2017-01-05T20:07:43","modified_gmt":"2017-01-05T23:07:43","slug":"arrecifes-en-tragico-accidente-fallece-el-ciclista-pato-ponce","status":"publish","type":"post","link":"https:\/\/eldiariodesanpedro.com.ar\/sitio\/arrecifes-en-tragico-accidente-fallece-el-ciclista-pato-ponce\/","title":{"rendered":"ARRECIFES: En tr\u00e1gico accidente fallece el ciclista \u201cPato\u201d Ponce"},"content":{"rendered":"<p><!-- VideographyWP Plugin Message: Automatic video embedding prevented by plugin options. --><br \/>\nEl malogrado deportista compet\u00eda habitualmente en las pruebas de Pro Ciclismo. Falleci\u00f3 el martes luego de ser embestido por una camioneta en la ruta 191, mientras entrenaba en Arrecifes.<\/p>\n<p>Un tr\u00e1gico accidente ocurri\u00f3 aproximadamente a las 7 de la ma\u00f1ana del martes en ruta 191, a la altura de la estancia La Curamalal, a tres kil\u00f3metros de la zona urbana de Arrecifes, camino a Salto. All\u00ed, una camioneta Chevrolet S10 embisti\u00f3 a una bicicleta que transitaba en el mismo sentido.<\/p>\n<p>Como consecuencia del impacto, el ciclista, identificado como Juan Domingo \u201cPato\u201d Ponce de 68 a\u00f1os, falleci\u00f3 en el acto. Mientras tanto, el conductor de la camioneta fue identificado como Luciano Molina (34), quien se dirig\u00eda a trabajar al campo.<\/p>\n<p>Ponce se desempe\u00f1aba como empleado de una reconocida panader\u00eda de Arrecifes y era un habitual participante de las pruebas de Ciclismo. La noticia provoc\u00f3 una enorme congoja en quienes todos los fines de semana participaban de las competencias. (www.arrecifesnoticias.com).<\/p>\n","protected":false},"excerpt":{"rendered":"<p>El malogrado deportista compet\u00eda habitualmente en las pruebas de Pro Ciclismo. Falleci\u00f3 el martes luego de ser embestido por una camioneta en la ruta 191, mientras entrenaba en Arrecifes. Un tr\u00e1gico accidente ocurri\u00f3 aproximadamente a las 7 de la ma\u00f1ana del martes en ruta 191, a la altura de la estancia La Curamalal, a tres [&hellip;]<\/p>\n","protected":false},"author":4,"featured_media":12322,"comment_status":"open","ping_status":"closed","sticky":false,"template":"","format":"standard","meta":{"om_disable_all_campaigns":false,"_jetpack_memberships_contains_paid_content":false,"footnotes":""},"categories":[621],"tags":[],"class_list":["post-12321","post","type-post","status-publish","format-standard","has-post-thumbnail","hentry","category-regionales"],"aioseo_notices":[],"gutentor_comment":0,"jetpack_featured_media_url":"https:\/\/eldiariodesanpedro.com.ar\/sitio\/wp-content\/uploads\/2017\/01\/En-tr\u00e1gico-accidente-fallece-el-ciclista-\u201cPato\u201d-Ponce.jpg","jetpack_shortlink":"https:\/\/wp.me\/p6RhLt-3cJ","jetpack_sharing_enabled":true,"_links":{"self":[{"href":"https:\/\/eldiariodesanpedro.com.ar\/sitio\/wp-json\/wp\/v2\/posts\/12321","targetHints":{"allow":["GET"]}}],"collection":[{"href":"https:\/\/eldiariodesanpedro.com.ar\/sitio\/wp-json\/wp\/v2\/posts"}],"about":[{"href":"https:\/\/eldiariodesanpedro.com.ar\/sitio\/wp-json\/wp\/v2\/types\/post"}],"author":[{"embeddable":true,"href":"https:\/\/eldiariodesanpedro.com.ar\/sitio\/wp-json\/wp\/v2\/users\/4"}],"replies":[{"embeddable":true,"href":"https:\/\/eldiariodesanpedro.com.ar\/sitio\/wp-json\/wp\/v2\/comments?post=12321"}],"version-history":[{"count":1,"href":"https:\/\/eldiariodesanpedro.com.ar\/sitio\/wp-json\/wp\/v2\/posts\/12321\/revisions"}],"predecessor-version":[{"id":12323,"href":"https:\/\/eldiariodesanpedro.com.ar\/sitio\/wp-json\/wp\/v2\/posts\/12321\/revisions\/12323"}],"wp:featuredmedia":[{"embeddable":true,"href":"https:\/\/eldiariodesanpedro.com.ar\/sitio\/wp-json\/wp\/v2\/media\/12322"}],"wp:attachment":[{"href":"https:\/\/eldiariodesanpedro.com.ar\/sitio\/wp-json\/wp\/v2\/media?parent=12321"}],"wp:term":[{"taxonomy":"category","embeddable":true,"href":"https:\/\/eldiariodesanpedro.com.ar\/sitio\/wp-json\/wp\/v2\/categories?post=12321"},{"taxonomy":"post_tag","embeddable":true,"href":"https:\/\/eldiariodesanpedro.com.ar\/sitio\/wp-json\/wp\/v2\/tags?post=12321"}],"curies":[{"name":"wp","href":"https:\/\/api.w.org\/{rel}","templated":true}]}}