{"id":123203,"date":"2023-10-19T18:13:29","date_gmt":"2023-10-19T21:13:29","guid":{"rendered":"https:\/\/eldiariodesanpedro.com.ar\/sitio\/?p=123203"},"modified":"2023-10-19T18:13:31","modified_gmt":"2023-10-19T21:13:31","slug":"el-jardin-n-919-de-banfield-se-llamara-heroinas-de-malvinas","status":"publish","type":"post","link":"https:\/\/eldiariodesanpedro.com.ar\/sitio\/el-jardin-n-919-de-banfield-se-llamara-heroinas-de-malvinas\/","title":{"rendered":"El Jard\u00edn N\u00b0 919 de Banfield se llamar\u00e1 \u00abHero\u00ednas de Malvinas\u00bb"},"content":{"rendered":"<!-- VideographyWP Plugin Message: Automatic video embedding prevented by plugin options. -->\n\n<p>Este jueves, el Intendente Cecilio Salazar hizo entrega a la directora del Jard\u00edn N\u00ba 919, Karina Rossi, la resoluci\u00f3n que designa oficialmente el nombre de \u00abHero\u00ednas de Malvinas\u00bb a la instituci\u00f3n.<\/p>\n\n\n\n<p>La resoluci\u00f3n, suscrita por el Director General de Cultura y Educaci\u00f3n de la Provincia de Buenos Aires, Alberto Sileoni luego de la aprobaci\u00f3n del Consejo General de Cultura y Educaci\u00f3n, es el resultado de un proceso democr\u00e1tico que cont\u00f3 con la participaci\u00f3n de la comunidad educativa, quienes tuvieron un papel fundamental en la elecci\u00f3n de este nombre que recibi\u00f3 el apoyo un\u00e1nime, reflejando un profundo respeto y reconocimiento.<\/p>\n\n\n\n<p>Participaron de esta entrega junto al Jefe Comunal y la directora de la instituci\u00f3n, la Jefa Distrital de Educaci\u00f3n, Lorena L\u00f3pez, el Secretario Coordinador del Consejo Provincial de Educaci\u00f3n y Trabajo, Alan Ocampo y la Inspectora de Nivel Inicial, Ver\u00f3nica Rosenbrock.<\/p>\n\n\n\n<p>La Municipalidad de San Pedro y el Intendente Cecilio Salazar, se enorgullecen y felicitan a la comunidad educativa del Jard\u00edn N\u00b0 919 \u00abHero\u00ednas de Malvinas\u00bb por esta importante decisi\u00f3n que honrar\u00e1 la memoria de las mujeres que participaron en la gesta de Malvinas y recordar\u00e1 su valiente contribuci\u00f3n a la historia de\u00a0nuestro\u00a0pa\u00eds.<\/p>\n\n\n\n<figure class=\"wp-block-image size-full\"><img decoding=\"async\" width=\"946\" height=\"630\" data-attachment-id=\"123204\" data-permalink=\"https:\/\/eldiariodesanpedro.com.ar\/sitio\/el-jardin-n-919-de-banfield-se-llamara-heroinas-de-malvinas\/imagen-de-whatsapp-2023-10-19-a-las-16-25-40_53ae1c3e\/\" data-orig-file=\"https:\/\/eldiariodesanpedro.com.ar\/sitio\/wp-content\/uploads\/2023\/10\/Imagen-de-WhatsApp-2023-10-19-a-las-16.25.40_53ae1c3e.jpg\" data-orig-size=\"946,630\" data-comments-opened=\"0\" data-image-meta=\"{&quot;aperture&quot;:&quot;0&quot;,&quot;credit&quot;:&quot;&quot;,&quot;camera&quot;:&quot;&quot;,&quot;caption&quot;:&quot;&quot;,&quot;created_timestamp&quot;:&quot;0&quot;,&quot;copyright&quot;:&quot;&quot;,&quot;focal_length&quot;:&quot;0&quot;,&quot;iso&quot;:&quot;0&quot;,&quot;shutter_speed&quot;:&quot;0&quot;,&quot;title&quot;:&quot;&quot;,&quot;orientation&quot;:&quot;0&quot;}\" data-image-title=\"Imagen de WhatsApp 2023-10-19 a las 16.25.40_53ae1c3e\" data-image-description=\"\" data-image-caption=\"\" data-large-file=\"https:\/\/eldiariodesanpedro.com.ar\/sitio\/wp-content\/uploads\/2023\/10\/Imagen-de-WhatsApp-2023-10-19-a-las-16.25.40_53ae1c3e.jpg\" data-src=\"https:\/\/eldiariodesanpedro.com.ar\/sitio\/wp-content\/uploads\/2023\/10\/Imagen-de-WhatsApp-2023-10-19-a-las-16.25.40_53ae1c3e.jpg\" alt=\"\" class=\"wp-image-123204 lazyload\" data-srcset=\"https:\/\/eldiariodesanpedro.com.ar\/sitio\/wp-content\/uploads\/2023\/10\/Imagen-de-WhatsApp-2023-10-19-a-las-16.25.40_53ae1c3e.jpg 946w, https:\/\/eldiariodesanpedro.com.ar\/sitio\/wp-content\/uploads\/2023\/10\/Imagen-de-WhatsApp-2023-10-19-a-las-16.25.40_53ae1c3e-300x200.jpg 300w, https:\/\/eldiariodesanpedro.com.ar\/sitio\/wp-content\/uploads\/2023\/10\/Imagen-de-WhatsApp-2023-10-19-a-las-16.25.40_53ae1c3e-768x511.jpg 768w\" data-sizes=\"(max-width: 946px) 100vw, 946px\" src=\"data:image\/svg+xml;base64,PHN2ZyB3aWR0aD0iMSIgaGVpZ2h0PSIxIiB4bWxucz0iaHR0cDovL3d3dy53My5vcmcvMjAwMC9zdmciPjwvc3ZnPg==\" style=\"--smush-placeholder-width: 946px; --smush-placeholder-aspect-ratio: 946\/630;\" \/><\/figure>\n\n\n\n<figure class=\"wp-block-image size-full\"><img decoding=\"async\" width=\"946\" height=\"630\" data-attachment-id=\"123205\" data-permalink=\"https:\/\/eldiariodesanpedro.com.ar\/sitio\/el-jardin-n-919-de-banfield-se-llamara-heroinas-de-malvinas\/imagen-de-whatsapp-2023-10-19-a-las-16-25-42_4908e871\/\" data-orig-file=\"https:\/\/eldiariodesanpedro.com.ar\/sitio\/wp-content\/uploads\/2023\/10\/Imagen-de-WhatsApp-2023-10-19-a-las-16.25.42_4908e871.jpg\" data-orig-size=\"946,630\" data-comments-opened=\"0\" data-image-meta=\"{&quot;aperture&quot;:&quot;0&quot;,&quot;credit&quot;:&quot;&quot;,&quot;camera&quot;:&quot;&quot;,&quot;caption&quot;:&quot;&quot;,&quot;created_timestamp&quot;:&quot;0&quot;,&quot;copyright&quot;:&quot;&quot;,&quot;focal_length&quot;:&quot;0&quot;,&quot;iso&quot;:&quot;0&quot;,&quot;shutter_speed&quot;:&quot;0&quot;,&quot;title&quot;:&quot;&quot;,&quot;orientation&quot;:&quot;0&quot;}\" data-image-title=\"Imagen de WhatsApp 2023-10-19 a las 16.25.42_4908e871\" data-image-description=\"\" data-image-caption=\"\" data-large-file=\"https:\/\/eldiariodesanpedro.com.ar\/sitio\/wp-content\/uploads\/2023\/10\/Imagen-de-WhatsApp-2023-10-19-a-las-16.25.42_4908e871.jpg\" data-src=\"https:\/\/eldiariodesanpedro.com.ar\/sitio\/wp-content\/uploads\/2023\/10\/Imagen-de-WhatsApp-2023-10-19-a-las-16.25.42_4908e871.jpg\" alt=\"\" class=\"wp-image-123205 lazyload\" data-srcset=\"https:\/\/eldiariodesanpedro.com.ar\/sitio\/wp-content\/uploads\/2023\/10\/Imagen-de-WhatsApp-2023-10-19-a-las-16.25.42_4908e871.jpg 946w, https:\/\/eldiariodesanpedro.com.ar\/sitio\/wp-content\/uploads\/2023\/10\/Imagen-de-WhatsApp-2023-10-19-a-las-16.25.42_4908e871-300x200.jpg 300w, https:\/\/eldiariodesanpedro.com.ar\/sitio\/wp-content\/uploads\/2023\/10\/Imagen-de-WhatsApp-2023-10-19-a-las-16.25.42_4908e871-768x511.jpg 768w\" data-sizes=\"(max-width: 946px) 100vw, 946px\" src=\"data:image\/svg+xml;base64,PHN2ZyB3aWR0aD0iMSIgaGVpZ2h0PSIxIiB4bWxucz0iaHR0cDovL3d3dy53My5vcmcvMjAwMC9zdmciPjwvc3ZnPg==\" style=\"--smush-placeholder-width: 946px; --smush-placeholder-aspect-ratio: 946\/630;\" \/><\/figure>\n","protected":false},"excerpt":{"rendered":"<p>Este jueves, el Intendente Cecilio Salazar hizo entrega a la directora del Jard\u00edn N\u00ba 919, Karina Rossi, la resoluci\u00f3n que designa oficialmente el nombre de \u00abHero\u00ednas de Malvinas\u00bb a la instituci\u00f3n. La resoluci\u00f3n, suscrita por el Director General de Cultura y Educaci\u00f3n de la Provincia de Buenos Aires, Alberto Sileoni luego de la aprobaci\u00f3n del [&hellip;]<\/p>\n","protected":false},"author":4,"featured_media":123208,"comment_status":"closed","ping_status":"closed","sticky":false,"template":"","format":"standard","meta":{"om_disable_all_campaigns":false,"_jetpack_memberships_contains_paid_content":false,"footnotes":""},"categories":[50,101,2],"tags":[197,696,33,19],"class_list":["post-123203","post","type-post","status-publish","format-standard","has-post-thumbnail","hentry","category-destacadas","category-interes-general-locales","category-locales","tag-buenos-aires","tag-interes-general","tag-locales","tag-san-pedro"],"aioseo_notices":[],"gutentor_comment":0,"jetpack_featured_media_url":"https:\/\/eldiariodesanpedro.com.ar\/sitio\/wp-content\/uploads\/2023\/10\/Imagen-de-WhatsApp-2023-10-19-a-las-16.25.46_841be532.jpg","jetpack_shortlink":"https:\/\/wp.me\/p6RhLt-w39","jetpack_sharing_enabled":true,"_links":{"self":[{"href":"https:\/\/eldiariodesanpedro.com.ar\/sitio\/wp-json\/wp\/v2\/posts\/123203","targetHints":{"allow":["GET"]}}],"collection":[{"href":"https:\/\/eldiariodesanpedro.com.ar\/sitio\/wp-json\/wp\/v2\/posts"}],"about":[{"href":"https:\/\/eldiariodesanpedro.com.ar\/sitio\/wp-json\/wp\/v2\/types\/post"}],"author":[{"embeddable":true,"href":"https:\/\/eldiariodesanpedro.com.ar\/sitio\/wp-json\/wp\/v2\/users\/4"}],"replies":[{"embeddable":true,"href":"https:\/\/eldiariodesanpedro.com.ar\/sitio\/wp-json\/wp\/v2\/comments?post=123203"}],"version-history":[{"count":1,"href":"https:\/\/eldiariodesanpedro.com.ar\/sitio\/wp-json\/wp\/v2\/posts\/123203\/revisions"}],"predecessor-version":[{"id":123209,"href":"https:\/\/eldiariodesanpedro.com.ar\/sitio\/wp-json\/wp\/v2\/posts\/123203\/revisions\/123209"}],"wp:featuredmedia":[{"embeddable":true,"href":"https:\/\/eldiariodesanpedro.com.ar\/sitio\/wp-json\/wp\/v2\/media\/123208"}],"wp:attachment":[{"href":"https:\/\/eldiariodesanpedro.com.ar\/sitio\/wp-json\/wp\/v2\/media?parent=123203"}],"wp:term":[{"taxonomy":"category","embeddable":true,"href":"https:\/\/eldiariodesanpedro.com.ar\/sitio\/wp-json\/wp\/v2\/categories?post=123203"},{"taxonomy":"post_tag","embeddable":true,"href":"https:\/\/eldiariodesanpedro.com.ar\/sitio\/wp-json\/wp\/v2\/tags?post=123203"}],"curies":[{"name":"wp","href":"https:\/\/api.w.org\/{rel}","templated":true}]}}