{"id":123200,"date":"2023-10-19T18:03:04","date_gmt":"2023-10-19T21:03:04","guid":{"rendered":"https:\/\/eldiariodesanpedro.com.ar\/sitio\/?p=123200"},"modified":"2023-10-19T18:03:06","modified_gmt":"2023-10-19T21:03:06","slug":"joven-lesionado-al-caer-de-su-motocicleta-sobre-la-calle","status":"publish","type":"post","link":"https:\/\/eldiariodesanpedro.com.ar\/sitio\/joven-lesionado-al-caer-de-su-motocicleta-sobre-la-calle\/","title":{"rendered":"Joven lesionado al caer de su motocicleta sobre la calle"},"content":{"rendered":"<!-- VideographyWP Plugin Message: Automatic video embedding prevented by plugin options. -->\n\n<p>El martes, a las 20:00 horas, el personal de la Estaci\u00f3n de Polic\u00eda Comunal San Pedro respondi\u00f3 a una alerta del servicio 911 en la intersecci\u00f3n de Av. Sarmiento e Italia. Se investiga un incidente en el que un joven de 18 a\u00f1os, que iba en una motocicleta Yamaha modelo FZ 150 cc de color rojo, perdi\u00f3 el equilibrio y cay\u00f3 en la cinta asfaltica. <\/p>\n\n\n\n<p>Al llegar la patrulla, el joven estaba consciente y fue llevado en ambulancia del SAME al Hospital Sub Zonal San Pedro \u00abDr. Emilio Ruffa\u00bb. No se identific\u00f3 la presencia de otro veh\u00edculo involucrado. El joven sufri\u00f3 lesiones leves, y la autoridad judicial correspondiente se encarga del caso.<\/p>\n","protected":false},"excerpt":{"rendered":"<p>El martes, a las 20:00 horas, el personal de la Estaci\u00f3n de Polic\u00eda Comunal San Pedro respondi\u00f3 a una alerta del servicio 911 en la intersecci\u00f3n de Av. Sarmiento e Italia. Se investiga un incidente en el que un joven de 18 a\u00f1os, que iba en una motocicleta Yamaha modelo FZ 150 cc de color [&hellip;]<\/p>\n","protected":false},"author":4,"featured_media":123201,"comment_status":"closed","ping_status":"closed","sticky":false,"template":"","format":"standard","meta":{"om_disable_all_campaigns":false,"_jetpack_memberships_contains_paid_content":false,"footnotes":""},"categories":[2,103],"tags":[197,33,95,19],"class_list":["post-123200","post","type-post","status-publish","format-standard","has-post-thumbnail","hentry","category-locales","category-policiales-locales","tag-buenos-aires","tag-locales","tag-policiales","tag-san-pedro"],"aioseo_notices":[],"gutentor_comment":0,"jetpack_featured_media_url":"https:\/\/eldiariodesanpedro.com.ar\/sitio\/wp-content\/uploads\/2023\/10\/medida-17.png","jetpack_shortlink":"https:\/\/wp.me\/p6RhLt-w36","jetpack_sharing_enabled":true,"_links":{"self":[{"href":"https:\/\/eldiariodesanpedro.com.ar\/sitio\/wp-json\/wp\/v2\/posts\/123200","targetHints":{"allow":["GET"]}}],"collection":[{"href":"https:\/\/eldiariodesanpedro.com.ar\/sitio\/wp-json\/wp\/v2\/posts"}],"about":[{"href":"https:\/\/eldiariodesanpedro.com.ar\/sitio\/wp-json\/wp\/v2\/types\/post"}],"author":[{"embeddable":true,"href":"https:\/\/eldiariodesanpedro.com.ar\/sitio\/wp-json\/wp\/v2\/users\/4"}],"replies":[{"embeddable":true,"href":"https:\/\/eldiariodesanpedro.com.ar\/sitio\/wp-json\/wp\/v2\/comments?post=123200"}],"version-history":[{"count":1,"href":"https:\/\/eldiariodesanpedro.com.ar\/sitio\/wp-json\/wp\/v2\/posts\/123200\/revisions"}],"predecessor-version":[{"id":123202,"href":"https:\/\/eldiariodesanpedro.com.ar\/sitio\/wp-json\/wp\/v2\/posts\/123200\/revisions\/123202"}],"wp:featuredmedia":[{"embeddable":true,"href":"https:\/\/eldiariodesanpedro.com.ar\/sitio\/wp-json\/wp\/v2\/media\/123201"}],"wp:attachment":[{"href":"https:\/\/eldiariodesanpedro.com.ar\/sitio\/wp-json\/wp\/v2\/media?parent=123200"}],"wp:term":[{"taxonomy":"category","embeddable":true,"href":"https:\/\/eldiariodesanpedro.com.ar\/sitio\/wp-json\/wp\/v2\/categories?post=123200"},{"taxonomy":"post_tag","embeddable":true,"href":"https:\/\/eldiariodesanpedro.com.ar\/sitio\/wp-json\/wp\/v2\/tags?post=123200"}],"curies":[{"name":"wp","href":"https:\/\/api.w.org\/{rel}","templated":true}]}}