{"id":123195,"date":"2023-10-19T17:49:09","date_gmt":"2023-10-19T20:49:09","guid":{"rendered":"https:\/\/eldiariodesanpedro.com.ar\/sitio\/?p=123195"},"modified":"2023-10-19T17:49:13","modified_gmt":"2023-10-19T20:49:13","slug":"marisa-morinico-paso-a-retiro-activo-de-la-policia-y-sus-companeros-de-fuerza-la-homenajearon","status":"publish","type":"post","link":"https:\/\/eldiariodesanpedro.com.ar\/sitio\/marisa-morinico-paso-a-retiro-activo-de-la-policia-y-sus-companeros-de-fuerza-la-homenajearon\/","title":{"rendered":"Marisa Mor\u00ednico pas\u00f3 a retiro activo de la polic\u00eda y sus compa\u00f1eros de fuerza la homenajearon"},"content":{"rendered":"<!-- VideographyWP Plugin Message: Automatic video embedding prevented by plugin options. -->\n\n<p>La Estaci\u00f3n de Polic\u00eda Comunal de San Pedro reconoci\u00f3 la destacada trayectoria de la Capit\u00e1n Marisa Mor\u00ednico, quien se retir\u00f3 activamente tras servir a la comunidad. Morinico se uni\u00f3 a la polic\u00eda por convicci\u00f3n y dedicaci\u00f3n, y sus colegas la honraron en una ceremonia de despedida en la sede de la Comisar\u00eda local en la calle Mitre, con la presencia de las autoridades de la fuerza.<\/p>\n\n\n\n<figure class=\"wp-block-image size-full\"><img decoding=\"async\" width=\"474\" height=\"630\" data-attachment-id=\"123197\" data-permalink=\"https:\/\/eldiariodesanpedro.com.ar\/sitio\/marisa-morinico-paso-a-retiro-activo-de-la-policia-y-sus-companeros-de-fuerza-la-homenajearon\/imagen-de-whatsapp-2023-10-19-a-las-11-38-11_2850a286\/\" data-orig-file=\"https:\/\/eldiariodesanpedro.com.ar\/sitio\/wp-content\/uploads\/2023\/10\/Imagen-de-WhatsApp-2023-10-19-a-las-11.38.11_2850a286.jpg\" data-orig-size=\"474,630\" data-comments-opened=\"0\" data-image-meta=\"{&quot;aperture&quot;:&quot;0&quot;,&quot;credit&quot;:&quot;&quot;,&quot;camera&quot;:&quot;&quot;,&quot;caption&quot;:&quot;&quot;,&quot;created_timestamp&quot;:&quot;0&quot;,&quot;copyright&quot;:&quot;&quot;,&quot;focal_length&quot;:&quot;0&quot;,&quot;iso&quot;:&quot;0&quot;,&quot;shutter_speed&quot;:&quot;0&quot;,&quot;title&quot;:&quot;&quot;,&quot;orientation&quot;:&quot;0&quot;}\" data-image-title=\"Imagen-de-WhatsApp-2023-10-19-a-las-11.38.11_2850a286\" data-image-description=\"\" data-image-caption=\"\" data-large-file=\"https:\/\/eldiariodesanpedro.com.ar\/sitio\/wp-content\/uploads\/2023\/10\/Imagen-de-WhatsApp-2023-10-19-a-las-11.38.11_2850a286.jpg\" data-src=\"https:\/\/eldiariodesanpedro.com.ar\/sitio\/wp-content\/uploads\/2023\/10\/Imagen-de-WhatsApp-2023-10-19-a-las-11.38.11_2850a286.jpg\" alt=\"\" class=\"wp-image-123197 lazyload\" data-srcset=\"https:\/\/eldiariodesanpedro.com.ar\/sitio\/wp-content\/uploads\/2023\/10\/Imagen-de-WhatsApp-2023-10-19-a-las-11.38.11_2850a286.jpg 474w, https:\/\/eldiariodesanpedro.com.ar\/sitio\/wp-content\/uploads\/2023\/10\/Imagen-de-WhatsApp-2023-10-19-a-las-11.38.11_2850a286-226x300.jpg 226w\" data-sizes=\"(max-width: 474px) 100vw, 474px\" src=\"data:image\/svg+xml;base64,PHN2ZyB3aWR0aD0iMSIgaGVpZ2h0PSIxIiB4bWxucz0iaHR0cDovL3d3dy53My5vcmcvMjAwMC9zdmciPjwvc3ZnPg==\" style=\"--smush-placeholder-width: 474px; --smush-placeholder-aspect-ratio: 474\/630;\" \/><\/figure>\n\n\n\n<figure class=\"wp-block-image size-full is-resized\"><img decoding=\"async\" width=\"284\" height=\"630\" data-attachment-id=\"123198\" data-permalink=\"https:\/\/eldiariodesanpedro.com.ar\/sitio\/marisa-morinico-paso-a-retiro-activo-de-la-policia-y-sus-companeros-de-fuerza-la-homenajearon\/imagen-de-whatsapp-2023-10-19-a-las-11-36-34_f97b3c77\/\" data-orig-file=\"https:\/\/eldiariodesanpedro.com.ar\/sitio\/wp-content\/uploads\/2023\/10\/Imagen-de-WhatsApp-2023-10-19-a-las-11.36.34_f97b3c77.jpg\" data-orig-size=\"284,630\" data-comments-opened=\"0\" data-image-meta=\"{&quot;aperture&quot;:&quot;0&quot;,&quot;credit&quot;:&quot;&quot;,&quot;camera&quot;:&quot;&quot;,&quot;caption&quot;:&quot;&quot;,&quot;created_timestamp&quot;:&quot;0&quot;,&quot;copyright&quot;:&quot;&quot;,&quot;focal_length&quot;:&quot;0&quot;,&quot;iso&quot;:&quot;0&quot;,&quot;shutter_speed&quot;:&quot;0&quot;,&quot;title&quot;:&quot;&quot;,&quot;orientation&quot;:&quot;0&quot;}\" data-image-title=\"Imagen de WhatsApp 2023-10-19 a las 11.36.34_f97b3c77\" data-image-description=\"\" data-image-caption=\"\" data-large-file=\"https:\/\/eldiariodesanpedro.com.ar\/sitio\/wp-content\/uploads\/2023\/10\/Imagen-de-WhatsApp-2023-10-19-a-las-11.36.34_f97b3c77.jpg\" data-src=\"https:\/\/eldiariodesanpedro.com.ar\/sitio\/wp-content\/uploads\/2023\/10\/Imagen-de-WhatsApp-2023-10-19-a-las-11.36.34_f97b3c77.jpg\" alt=\"\" class=\"wp-image-123198 lazyload\" style=\"--smush-placeholder-width: 284px; --smush-placeholder-aspect-ratio: 284\/630;aspect-ratio:0.4507936507936508;width:475px;height:auto\" data-srcset=\"https:\/\/eldiariodesanpedro.com.ar\/sitio\/wp-content\/uploads\/2023\/10\/Imagen-de-WhatsApp-2023-10-19-a-las-11.36.34_f97b3c77.jpg 284w, https:\/\/eldiariodesanpedro.com.ar\/sitio\/wp-content\/uploads\/2023\/10\/Imagen-de-WhatsApp-2023-10-19-a-las-11.36.34_f97b3c77-135x300.jpg 135w\" data-sizes=\"(max-width: 284px) 100vw, 284px\" src=\"data:image\/svg+xml;base64,PHN2ZyB3aWR0aD0iMSIgaGVpZ2h0PSIxIiB4bWxucz0iaHR0cDovL3d3dy53My5vcmcvMjAwMC9zdmciPjwvc3ZnPg==\" \/><\/figure>\n","protected":false},"excerpt":{"rendered":"<p>La Estaci\u00f3n de Polic\u00eda Comunal de San Pedro reconoci\u00f3 la destacada trayectoria de la Capit\u00e1n Marisa Mor\u00ednico, quien se retir\u00f3 activamente tras servir a la comunidad. Morinico se uni\u00f3 a la polic\u00eda por convicci\u00f3n y dedicaci\u00f3n, y sus colegas la honraron en una ceremonia de despedida en la sede de la Comisar\u00eda local en la [&hellip;]<\/p>\n","protected":false},"author":4,"featured_media":123196,"comment_status":"closed","ping_status":"closed","sticky":false,"template":"","format":"standard","meta":{"om_disable_all_campaigns":false,"_jetpack_memberships_contains_paid_content":false,"footnotes":""},"categories":[50,101,2],"tags":[197,33,95,19],"class_list":["post-123195","post","type-post","status-publish","format-standard","has-post-thumbnail","hentry","category-destacadas","category-interes-general-locales","category-locales","tag-buenos-aires","tag-locales","tag-policiales","tag-san-pedro"],"aioseo_notices":[],"gutentor_comment":0,"jetpack_featured_media_url":"https:\/\/eldiariodesanpedro.com.ar\/sitio\/wp-content\/uploads\/2023\/10\/medida-16.png","jetpack_shortlink":"https:\/\/wp.me\/p6RhLt-w31","jetpack_sharing_enabled":true,"_links":{"self":[{"href":"https:\/\/eldiariodesanpedro.com.ar\/sitio\/wp-json\/wp\/v2\/posts\/123195","targetHints":{"allow":["GET"]}}],"collection":[{"href":"https:\/\/eldiariodesanpedro.com.ar\/sitio\/wp-json\/wp\/v2\/posts"}],"about":[{"href":"https:\/\/eldiariodesanpedro.com.ar\/sitio\/wp-json\/wp\/v2\/types\/post"}],"author":[{"embeddable":true,"href":"https:\/\/eldiariodesanpedro.com.ar\/sitio\/wp-json\/wp\/v2\/users\/4"}],"replies":[{"embeddable":true,"href":"https:\/\/eldiariodesanpedro.com.ar\/sitio\/wp-json\/wp\/v2\/comments?post=123195"}],"version-history":[{"count":1,"href":"https:\/\/eldiariodesanpedro.com.ar\/sitio\/wp-json\/wp\/v2\/posts\/123195\/revisions"}],"predecessor-version":[{"id":123199,"href":"https:\/\/eldiariodesanpedro.com.ar\/sitio\/wp-json\/wp\/v2\/posts\/123195\/revisions\/123199"}],"wp:featuredmedia":[{"embeddable":true,"href":"https:\/\/eldiariodesanpedro.com.ar\/sitio\/wp-json\/wp\/v2\/media\/123196"}],"wp:attachment":[{"href":"https:\/\/eldiariodesanpedro.com.ar\/sitio\/wp-json\/wp\/v2\/media?parent=123195"}],"wp:term":[{"taxonomy":"category","embeddable":true,"href":"https:\/\/eldiariodesanpedro.com.ar\/sitio\/wp-json\/wp\/v2\/categories?post=123195"},{"taxonomy":"post_tag","embeddable":true,"href":"https:\/\/eldiariodesanpedro.com.ar\/sitio\/wp-json\/wp\/v2\/tags?post=123195"}],"curies":[{"name":"wp","href":"https:\/\/api.w.org\/{rel}","templated":true}]}}