{"id":123192,"date":"2023-10-19T17:30:05","date_gmt":"2023-10-19T20:30:05","guid":{"rendered":"https:\/\/eldiariodesanpedro.com.ar\/sitio\/?p=123192"},"modified":"2023-10-19T17:30:07","modified_gmt":"2023-10-19T20:30:07","slug":"un-accidente-donde-un-vehiculo-se-dio-a-la-fuga","status":"publish","type":"post","link":"https:\/\/eldiariodesanpedro.com.ar\/sitio\/un-accidente-donde-un-vehiculo-se-dio-a-la-fuga\/","title":{"rendered":"Un accidente donde un vehiculo se dio a la fuga"},"content":{"rendered":"<!-- VideographyWP Plugin Message: Automatic video embedding prevented by plugin options. -->\n\n<p>El martes, el personal de la Estaci\u00f3n de Polic\u00eda Comunal San Pedro respondi\u00f3 a un llamado alrededor de las 16:00 horas en la intersecci\u00f3n de las calles Rivadavia y Caseros. En el lugar se investig\u00f3 un accidente en el que una motocicleta de la marca Gilera Smash 110 cc, de color rojo, conducida por una mujer de 32 a\u00f1os, colision\u00f3 con una furgoneta de la marca Renault, modelo Kangoo, conducida por un hombre mayor.<\/p>\n\n\n\n<p>Cuando lleg\u00f3 el veh\u00edculo policial, encontraron solo la motocicleta en el lugar. Seg\u00fan un testigo, el autom\u00f3vil se retir\u00f3 y la mujer que manejaba la motocicleta se fue por sus propios medios al hospital, dejando la motocicleta en un negocio cercano al lugar del accidente.<\/p>\n\n\n\n<p>En horas posteriores, la v\u00edctima del accidente se present\u00f3 en la estaci\u00f3n policial, donde proporcion\u00f3 su testimonio. Afortunadamente, no sufri\u00f3 lesiones en el incidente. La magistratura asumi\u00f3 el caso en el turno correspondiente.<\/p>\n","protected":false},"excerpt":{"rendered":"<p>El martes, el personal de la Estaci\u00f3n de Polic\u00eda Comunal San Pedro respondi\u00f3 a un llamado alrededor de las 16:00 horas en la intersecci\u00f3n de las calles Rivadavia y Caseros. En el lugar se investig\u00f3 un accidente en el que una motocicleta de la marca Gilera Smash 110 cc, de color rojo, conducida por una [&hellip;]<\/p>\n","protected":false},"author":4,"featured_media":123193,"comment_status":"closed","ping_status":"closed","sticky":false,"template":"","format":"standard","meta":{"om_disable_all_campaigns":false,"_jetpack_memberships_contains_paid_content":false,"footnotes":""},"categories":[50,2,103],"tags":[197,696,33,19],"class_list":["post-123192","post","type-post","status-publish","format-standard","has-post-thumbnail","hentry","category-destacadas","category-locales","category-policiales-locales","tag-buenos-aires","tag-interes-general","tag-locales","tag-san-pedro"],"aioseo_notices":[],"gutentor_comment":0,"jetpack_featured_media_url":"https:\/\/eldiariodesanpedro.com.ar\/sitio\/wp-content\/uploads\/2023\/10\/medida-15.png","jetpack_shortlink":"https:\/\/wp.me\/p6RhLt-w2Y","jetpack_sharing_enabled":true,"_links":{"self":[{"href":"https:\/\/eldiariodesanpedro.com.ar\/sitio\/wp-json\/wp\/v2\/posts\/123192","targetHints":{"allow":["GET"]}}],"collection":[{"href":"https:\/\/eldiariodesanpedro.com.ar\/sitio\/wp-json\/wp\/v2\/posts"}],"about":[{"href":"https:\/\/eldiariodesanpedro.com.ar\/sitio\/wp-json\/wp\/v2\/types\/post"}],"author":[{"embeddable":true,"href":"https:\/\/eldiariodesanpedro.com.ar\/sitio\/wp-json\/wp\/v2\/users\/4"}],"replies":[{"embeddable":true,"href":"https:\/\/eldiariodesanpedro.com.ar\/sitio\/wp-json\/wp\/v2\/comments?post=123192"}],"version-history":[{"count":1,"href":"https:\/\/eldiariodesanpedro.com.ar\/sitio\/wp-json\/wp\/v2\/posts\/123192\/revisions"}],"predecessor-version":[{"id":123194,"href":"https:\/\/eldiariodesanpedro.com.ar\/sitio\/wp-json\/wp\/v2\/posts\/123192\/revisions\/123194"}],"wp:featuredmedia":[{"embeddable":true,"href":"https:\/\/eldiariodesanpedro.com.ar\/sitio\/wp-json\/wp\/v2\/media\/123193"}],"wp:attachment":[{"href":"https:\/\/eldiariodesanpedro.com.ar\/sitio\/wp-json\/wp\/v2\/media?parent=123192"}],"wp:term":[{"taxonomy":"category","embeddable":true,"href":"https:\/\/eldiariodesanpedro.com.ar\/sitio\/wp-json\/wp\/v2\/categories?post=123192"},{"taxonomy":"post_tag","embeddable":true,"href":"https:\/\/eldiariodesanpedro.com.ar\/sitio\/wp-json\/wp\/v2\/tags?post=123192"}],"curies":[{"name":"wp","href":"https:\/\/api.w.org\/{rel}","templated":true}]}}