{"id":123189,"date":"2023-10-19T14:44:54","date_gmt":"2023-10-19T17:44:54","guid":{"rendered":"https:\/\/eldiariodesanpedro.com.ar\/sitio\/?p=123189"},"modified":"2023-10-19T14:44:56","modified_gmt":"2023-10-19T17:44:56","slug":"una-persona-fue-estafada-cuando-alquilo-un-departamento-en-mar-del-plata","status":"publish","type":"post","link":"https:\/\/eldiariodesanpedro.com.ar\/sitio\/una-persona-fue-estafada-cuando-alquilo-un-departamento-en-mar-del-plata\/","title":{"rendered":"Una persona fue estafada cuando alquilo un departamento en Mar del Plata"},"content":{"rendered":"<!-- VideographyWP Plugin Message: Automatic video embedding prevented by plugin options. -->\n\n<p>Un individuo, de 41 a\u00f1os, present\u00f3 una denuncia el martes en la comisar\u00eda local. Aleg\u00f3 que, a trav\u00e9s de la red social Facebook, se puso en contacto con otro individuo que afirmaba ser el propietario de un departamento en Mar del Plata. Con el fin de reservar el alojamiento para el verano, transfiri\u00f3 la cantidad de $ 300,000.00. Sin embargo, despu\u00e9s de realizar la transferencia, el comunicante fue bloqueado en la red social y no pudo volver a contactar al supuesto propietario. Varias horas despu\u00e9s, segu\u00eda sin poder establecer contacto, lo que lo llev\u00f3 a sospechar que hab\u00eda sido v\u00edctima de un enga\u00f1o. La UFI 07 se ha involucrado en la investigaci\u00f3n del caso.<\/p>\n","protected":false},"excerpt":{"rendered":"<p>Un individuo, de 41 a\u00f1os, present\u00f3 una denuncia el martes en la comisar\u00eda local. Aleg\u00f3 que, a trav\u00e9s de la red social Facebook, se puso en contacto con otro individuo que afirmaba ser el propietario de un departamento en Mar del Plata. Con el fin de reservar el alojamiento para el verano, transfiri\u00f3 la cantidad [&hellip;]<\/p>\n","protected":false},"author":4,"featured_media":123190,"comment_status":"closed","ping_status":"closed","sticky":false,"template":"","format":"standard","meta":{"om_disable_all_campaigns":false,"_jetpack_memberships_contains_paid_content":false,"footnotes":""},"categories":[50,101,2],"tags":[197,696,33,19],"class_list":["post-123189","post","type-post","status-publish","format-standard","has-post-thumbnail","hentry","category-destacadas","category-interes-general-locales","category-locales","tag-buenos-aires","tag-interes-general","tag-locales","tag-san-pedro"],"aioseo_notices":[],"gutentor_comment":0,"jetpack_featured_media_url":"https:\/\/eldiariodesanpedro.com.ar\/sitio\/wp-content\/uploads\/2023\/10\/mar-del-plata-1673604.jpg","jetpack_shortlink":"https:\/\/wp.me\/p6RhLt-w2V","jetpack_sharing_enabled":true,"_links":{"self":[{"href":"https:\/\/eldiariodesanpedro.com.ar\/sitio\/wp-json\/wp\/v2\/posts\/123189","targetHints":{"allow":["GET"]}}],"collection":[{"href":"https:\/\/eldiariodesanpedro.com.ar\/sitio\/wp-json\/wp\/v2\/posts"}],"about":[{"href":"https:\/\/eldiariodesanpedro.com.ar\/sitio\/wp-json\/wp\/v2\/types\/post"}],"author":[{"embeddable":true,"href":"https:\/\/eldiariodesanpedro.com.ar\/sitio\/wp-json\/wp\/v2\/users\/4"}],"replies":[{"embeddable":true,"href":"https:\/\/eldiariodesanpedro.com.ar\/sitio\/wp-json\/wp\/v2\/comments?post=123189"}],"version-history":[{"count":1,"href":"https:\/\/eldiariodesanpedro.com.ar\/sitio\/wp-json\/wp\/v2\/posts\/123189\/revisions"}],"predecessor-version":[{"id":123191,"href":"https:\/\/eldiariodesanpedro.com.ar\/sitio\/wp-json\/wp\/v2\/posts\/123189\/revisions\/123191"}],"wp:featuredmedia":[{"embeddable":true,"href":"https:\/\/eldiariodesanpedro.com.ar\/sitio\/wp-json\/wp\/v2\/media\/123190"}],"wp:attachment":[{"href":"https:\/\/eldiariodesanpedro.com.ar\/sitio\/wp-json\/wp\/v2\/media?parent=123189"}],"wp:term":[{"taxonomy":"category","embeddable":true,"href":"https:\/\/eldiariodesanpedro.com.ar\/sitio\/wp-json\/wp\/v2\/categories?post=123189"},{"taxonomy":"post_tag","embeddable":true,"href":"https:\/\/eldiariodesanpedro.com.ar\/sitio\/wp-json\/wp\/v2\/tags?post=123189"}],"curies":[{"name":"wp","href":"https:\/\/api.w.org\/{rel}","templated":true}]}}