{"id":123186,"date":"2023-10-19T12:49:37","date_gmt":"2023-10-19T15:49:37","guid":{"rendered":"https:\/\/eldiariodesanpedro.com.ar\/sitio\/?p=123186"},"modified":"2023-10-19T12:49:40","modified_gmt":"2023-10-19T15:49:40","slug":"campana-de-concientizacion-sobre-el-uso-del-casco-y-conduccion-responsable","status":"publish","type":"post","link":"https:\/\/eldiariodesanpedro.com.ar\/sitio\/campana-de-concientizacion-sobre-el-uso-del-casco-y-conduccion-responsable\/","title":{"rendered":"Campa\u00f1a de concientizaci\u00f3n sobre el uso del casco y conducci\u00f3n responsable"},"content":{"rendered":"<!-- VideographyWP Plugin Message: Automatic video embedding prevented by plugin options. -->\n\n<p>La Municipalidad de San Pedro informa que, desde el martes 17 de octubre, la Direcci\u00f3n de Tr\u00e1nsito y Nocturnidad dependiente de la Secretar\u00eda de Seguridad, dio inicio a una campa\u00f1a de concientizaci\u00f3n con el objetivo de resaltar la importancia del uso del casco y fomentar una conducci\u00f3n responsable.<\/p>\n\n\n\n<p>Esta iniciativa, impulsada por el Intendente Cecilio Salazar, se extender\u00e1 en los pr\u00f3ximos d\u00edas, incluyendo la visita a diferentes establecimientos escolares de la ciudad, con el prop\u00f3sito de reflexionar sobre el valor de la vida.<\/p>\n\n\n\n<p>Como parte de la campa\u00f1a, durante los encuentros se entregar\u00e1n de manera gratuita cascos reglamentarios a quienes cuenten con la licencia de conducir\u00a0vigente.<\/p>\n\n\n","protected":false},"excerpt":{"rendered":"<p>La Municipalidad de San Pedro informa que, desde el martes 17 de octubre, la Direcci\u00f3n de Tr\u00e1nsito y Nocturnidad dependiente de la Secretar\u00eda de Seguridad, dio inicio a una campa\u00f1a de concientizaci\u00f3n con el objetivo de resaltar la importancia del uso del casco y fomentar una conducci\u00f3n responsable. Esta iniciativa, impulsada por el Intendente Cecilio [&hellip;]<\/p>\n","protected":false},"author":4,"featured_media":123187,"comment_status":"closed","ping_status":"closed","sticky":false,"template":"","format":"standard","meta":{"om_disable_all_campaigns":false,"_jetpack_memberships_contains_paid_content":false,"footnotes":""},"categories":[50,101,2],"tags":[197,696,33,19],"class_list":["post-123186","post","type-post","status-publish","format-standard","has-post-thumbnail","hentry","category-destacadas","category-interes-general-locales","category-locales","tag-buenos-aires","tag-interes-general","tag-locales","tag-san-pedro"],"aioseo_notices":[],"gutentor_comment":0,"jetpack_featured_media_url":"https:\/\/eldiariodesanpedro.com.ar\/sitio\/wp-content\/uploads\/2023\/10\/medida-14.png","jetpack_shortlink":"https:\/\/wp.me\/p6RhLt-w2S","jetpack_sharing_enabled":true,"_links":{"self":[{"href":"https:\/\/eldiariodesanpedro.com.ar\/sitio\/wp-json\/wp\/v2\/posts\/123186","targetHints":{"allow":["GET"]}}],"collection":[{"href":"https:\/\/eldiariodesanpedro.com.ar\/sitio\/wp-json\/wp\/v2\/posts"}],"about":[{"href":"https:\/\/eldiariodesanpedro.com.ar\/sitio\/wp-json\/wp\/v2\/types\/post"}],"author":[{"embeddable":true,"href":"https:\/\/eldiariodesanpedro.com.ar\/sitio\/wp-json\/wp\/v2\/users\/4"}],"replies":[{"embeddable":true,"href":"https:\/\/eldiariodesanpedro.com.ar\/sitio\/wp-json\/wp\/v2\/comments?post=123186"}],"version-history":[{"count":1,"href":"https:\/\/eldiariodesanpedro.com.ar\/sitio\/wp-json\/wp\/v2\/posts\/123186\/revisions"}],"predecessor-version":[{"id":123188,"href":"https:\/\/eldiariodesanpedro.com.ar\/sitio\/wp-json\/wp\/v2\/posts\/123186\/revisions\/123188"}],"wp:featuredmedia":[{"embeddable":true,"href":"https:\/\/eldiariodesanpedro.com.ar\/sitio\/wp-json\/wp\/v2\/media\/123187"}],"wp:attachment":[{"href":"https:\/\/eldiariodesanpedro.com.ar\/sitio\/wp-json\/wp\/v2\/media?parent=123186"}],"wp:term":[{"taxonomy":"category","embeddable":true,"href":"https:\/\/eldiariodesanpedro.com.ar\/sitio\/wp-json\/wp\/v2\/categories?post=123186"},{"taxonomy":"post_tag","embeddable":true,"href":"https:\/\/eldiariodesanpedro.com.ar\/sitio\/wp-json\/wp\/v2\/tags?post=123186"}],"curies":[{"name":"wp","href":"https:\/\/api.w.org\/{rel}","templated":true}]}}