{"id":12318,"date":"2017-01-05T20:05:43","date_gmt":"2017-01-05T23:05:43","guid":{"rendered":"https:\/\/eldiariodesanpedro.com.ar\/sitio\/?p=12318"},"modified":"2017-01-05T20:05:43","modified_gmt":"2017-01-05T23:05:43","slug":"los-viaductos-de-san-nicolas-se-llenaron-peligrosamente-de-agua","status":"publish","type":"post","link":"https:\/\/eldiariodesanpedro.com.ar\/sitio\/los-viaductos-de-san-nicolas-se-llenaron-peligrosamente-de-agua\/","title":{"rendered":"Los viaductos de San Nicol\u00e1s se llenaron peligrosamente de agua"},"content":{"rendered":"<p><!-- VideographyWP Plugin Message: Automatic video embedding prevented by plugin options. --><br \/>\nEl martes, en el momento de mayor intensidad de la lluvia, el nivel de agua en el fondo de los viaductos superaba la altura de los motores. Esto no impidi\u00f3 que los veh\u00edculos igual pasaran por el lugar.<\/p>\n<p>Las im\u00e1genes que se viralizaron en las redes muestran a un auto avanzando por el viaducto de calle Naci\u00f3n y otro en el de Mitre.<\/p>\n<p>En ambos casos se ve c\u00f3mo el nivel del agua acumulada en el punto m\u00e1s bajo de los pasos alcanza la parrilla y m\u00e1s de los autos.<\/p>\n<p>La acci\u00f3n fue realizada por los conductores sin saber exactamente cu\u00e1l era la situaci\u00f3n en el momento de mayor lluvia. Coinciden algunos testigos que en ning\u00fan momento se cerr\u00f3 la circulaci\u00f3n por los viaductos. (Diario El Informante).<\/p>\n","protected":false},"excerpt":{"rendered":"<p>El martes, en el momento de mayor intensidad de la lluvia, el nivel de agua en el fondo de los viaductos superaba la altura de los motores. Esto no impidi\u00f3 que los veh\u00edculos igual pasaran por el lugar. Las im\u00e1genes que se viralizaron en las redes muestran a un auto avanzando por el viaducto de [&hellip;]<\/p>\n","protected":false},"author":4,"featured_media":12319,"comment_status":"open","ping_status":"closed","sticky":false,"template":"","format":"standard","meta":{"om_disable_all_campaigns":false,"_jetpack_memberships_contains_paid_content":false,"footnotes":""},"categories":[621],"tags":[],"class_list":["post-12318","post","type-post","status-publish","format-standard","has-post-thumbnail","hentry","category-regionales"],"aioseo_notices":[],"gutentor_comment":0,"jetpack_featured_media_url":"https:\/\/eldiariodesanpedro.com.ar\/sitio\/wp-content\/uploads\/2017\/01\/Peligrosa-situaci\u00f3n-al-llenarse-de-agua-el-viaducto.jpg","jetpack_shortlink":"https:\/\/wp.me\/p6RhLt-3cG","jetpack_sharing_enabled":true,"_links":{"self":[{"href":"https:\/\/eldiariodesanpedro.com.ar\/sitio\/wp-json\/wp\/v2\/posts\/12318","targetHints":{"allow":["GET"]}}],"collection":[{"href":"https:\/\/eldiariodesanpedro.com.ar\/sitio\/wp-json\/wp\/v2\/posts"}],"about":[{"href":"https:\/\/eldiariodesanpedro.com.ar\/sitio\/wp-json\/wp\/v2\/types\/post"}],"author":[{"embeddable":true,"href":"https:\/\/eldiariodesanpedro.com.ar\/sitio\/wp-json\/wp\/v2\/users\/4"}],"replies":[{"embeddable":true,"href":"https:\/\/eldiariodesanpedro.com.ar\/sitio\/wp-json\/wp\/v2\/comments?post=12318"}],"version-history":[{"count":1,"href":"https:\/\/eldiariodesanpedro.com.ar\/sitio\/wp-json\/wp\/v2\/posts\/12318\/revisions"}],"predecessor-version":[{"id":12320,"href":"https:\/\/eldiariodesanpedro.com.ar\/sitio\/wp-json\/wp\/v2\/posts\/12318\/revisions\/12320"}],"wp:featuredmedia":[{"embeddable":true,"href":"https:\/\/eldiariodesanpedro.com.ar\/sitio\/wp-json\/wp\/v2\/media\/12319"}],"wp:attachment":[{"href":"https:\/\/eldiariodesanpedro.com.ar\/sitio\/wp-json\/wp\/v2\/media?parent=12318"}],"wp:term":[{"taxonomy":"category","embeddable":true,"href":"https:\/\/eldiariodesanpedro.com.ar\/sitio\/wp-json\/wp\/v2\/categories?post=12318"},{"taxonomy":"post_tag","embeddable":true,"href":"https:\/\/eldiariodesanpedro.com.ar\/sitio\/wp-json\/wp\/v2\/tags?post=12318"}],"curies":[{"name":"wp","href":"https:\/\/api.w.org\/{rel}","templated":true}]}}