{"id":123175,"date":"2023-10-19T10:59:49","date_gmt":"2023-10-19T13:59:49","guid":{"rendered":"https:\/\/eldiariodesanpedro.com.ar\/sitio\/?p=123175"},"modified":"2023-10-19T10:59:51","modified_gmt":"2023-10-19T13:59:51","slug":"el-intendente-cecilio-salazar-participa-en-la-segunda-etapa-del-programa-ideas-jovenes-en-el-club-pescadores","status":"publish","type":"post","link":"https:\/\/eldiariodesanpedro.com.ar\/sitio\/el-intendente-cecilio-salazar-participa-en-la-segunda-etapa-del-programa-ideas-jovenes-en-el-club-pescadores\/","title":{"rendered":"El Intendente Cecilio Salazar participa en la segunda etapa del programa \u00abIdeas J\u00f3venes\u00bb en el Club Pescadores"},"content":{"rendered":"<!-- VideographyWP Plugin Message: Automatic video embedding prevented by plugin options. -->\n\n<p>Este mi\u00e9rcoles, el Intendente Cecilio Salazar se uni\u00f3 a la segunda etapa del programa \u00abIdeas J\u00f3venes\u00bb, llevada a cabo en el Club Pescadores y N\u00e1utica de San Pedro.<\/p>\n\n\n\n<p>La iniciativa busca ofrecer a los estudiantes de las escuelas secundarias del distrito un espacio para expresar su ciudadan\u00eda a trav\u00e9s de debates y participaci\u00f3n democr\u00e1tica. En esta fase, participaron 230 alumnos de 4\u00ba, 5\u00ba y 6\u00ba a\u00f1o de las escuelas secundarias, representando a los 6.000 j\u00f3venes que formaron parte de la fase inicial.<\/p>\n\n\n\n<p>Posterior a esta etapa, se elegir\u00e1n tres representantes de cada colegio, uno por cada a\u00f1o del ciclo superior. Estos representantes tendr\u00e1n la oportunidad de participar en la tercera etapa, programada para el 8 de noviembre en el Sal\u00f3n Dorado de la Municipalidad. El objetivo es definir los proyectos de cada eje tem\u00e1tico, que ser\u00e1n presentados ante el Concejo Deliberante.<\/p>\n\n\n\n<p>Los ejes tem\u00e1ticos abordados incluyen tecnolog\u00eda, comunicaci\u00f3n, infraestructura, educaci\u00f3n, salud y trabajo. Resaltando la importancia de abordar problem\u00e1ticas relacionadas con la salud mental, seguridad, pavimentaci\u00f3n, iluminaci\u00f3n y conectividad, aspectos que surgieron en los establecimientos educativos de la ciudad.<\/p>\n\n\n\n<p>Acompa\u00f1aron al Jefe Comunal la Jefa Distrital de Educaci\u00f3n, Lorena L\u00f3pez y el Secretario Coordinador del Consejo Provincial de Educaci\u00f3n y Trabajo,\u00a0Alan\u00a0Ocampo.<\/p>\n\n\n\n<figure class=\"wp-block-image size-large\"><img decoding=\"async\" width=\"1024\" height=\"602\" data-attachment-id=\"123177\" data-permalink=\"https:\/\/eldiariodesanpedro.com.ar\/sitio\/el-intendente-cecilio-salazar-participa-en-la-segunda-etapa-del-programa-ideas-jovenes-en-el-club-pescadores\/imagen-de-whatsapp-2023-10-18-a-las-11-27-57_ecf61cff\/\" data-orig-file=\"https:\/\/eldiariodesanpedro.com.ar\/sitio\/wp-content\/uploads\/2023\/10\/Imagen-de-WhatsApp-2023-10-18-a-las-11.27.57_ecf61cff.jpg\" data-orig-size=\"1071,630\" data-comments-opened=\"0\" data-image-meta=\"{&quot;aperture&quot;:&quot;0&quot;,&quot;credit&quot;:&quot;&quot;,&quot;camera&quot;:&quot;&quot;,&quot;caption&quot;:&quot;&quot;,&quot;created_timestamp&quot;:&quot;0&quot;,&quot;copyright&quot;:&quot;&quot;,&quot;focal_length&quot;:&quot;0&quot;,&quot;iso&quot;:&quot;0&quot;,&quot;shutter_speed&quot;:&quot;0&quot;,&quot;title&quot;:&quot;&quot;,&quot;orientation&quot;:&quot;0&quot;}\" data-image-title=\"Imagen de WhatsApp 2023-10-18 a las 11.27.57_ecf61cff\" data-image-description=\"\" data-image-caption=\"\" data-large-file=\"https:\/\/eldiariodesanpedro.com.ar\/sitio\/wp-content\/uploads\/2023\/10\/Imagen-de-WhatsApp-2023-10-18-a-las-11.27.57_ecf61cff-1024x602.jpg\" data-src=\"https:\/\/eldiariodesanpedro.com.ar\/sitio\/wp-content\/uploads\/2023\/10\/Imagen-de-WhatsApp-2023-10-18-a-las-11.27.57_ecf61cff-1024x602.jpg\" alt=\"\" class=\"wp-image-123177 lazyload\" data-srcset=\"https:\/\/eldiariodesanpedro.com.ar\/sitio\/wp-content\/uploads\/2023\/10\/Imagen-de-WhatsApp-2023-10-18-a-las-11.27.57_ecf61cff-1024x602.jpg 1024w, https:\/\/eldiariodesanpedro.com.ar\/sitio\/wp-content\/uploads\/2023\/10\/Imagen-de-WhatsApp-2023-10-18-a-las-11.27.57_ecf61cff-300x176.jpg 300w, https:\/\/eldiariodesanpedro.com.ar\/sitio\/wp-content\/uploads\/2023\/10\/Imagen-de-WhatsApp-2023-10-18-a-las-11.27.57_ecf61cff-768x452.jpg 768w, https:\/\/eldiariodesanpedro.com.ar\/sitio\/wp-content\/uploads\/2023\/10\/Imagen-de-WhatsApp-2023-10-18-a-las-11.27.57_ecf61cff.jpg 1071w\" data-sizes=\"(max-width: 1024px) 100vw, 1024px\" src=\"data:image\/svg+xml;base64,PHN2ZyB3aWR0aD0iMSIgaGVpZ2h0PSIxIiB4bWxucz0iaHR0cDovL3d3dy53My5vcmcvMjAwMC9zdmciPjwvc3ZnPg==\" style=\"--smush-placeholder-width: 1024px; --smush-placeholder-aspect-ratio: 1024\/602;\" \/><\/figure>\n\n\n\n<figure class=\"wp-block-image size-full\"><img decoding=\"async\" width=\"946\" height=\"630\" data-attachment-id=\"123179\" data-permalink=\"https:\/\/eldiariodesanpedro.com.ar\/sitio\/el-intendente-cecilio-salazar-participa-en-la-segunda-etapa-del-programa-ideas-jovenes-en-el-club-pescadores\/imagen-de-whatsapp-2023-10-18-a-las-11-28-02_2a3ee8c3\/\" data-orig-file=\"https:\/\/eldiariodesanpedro.com.ar\/sitio\/wp-content\/uploads\/2023\/10\/Imagen-de-WhatsApp-2023-10-18-a-las-11.28.02_2a3ee8c3.jpg\" data-orig-size=\"946,630\" data-comments-opened=\"0\" data-image-meta=\"{&quot;aperture&quot;:&quot;0&quot;,&quot;credit&quot;:&quot;&quot;,&quot;camera&quot;:&quot;&quot;,&quot;caption&quot;:&quot;&quot;,&quot;created_timestamp&quot;:&quot;0&quot;,&quot;copyright&quot;:&quot;&quot;,&quot;focal_length&quot;:&quot;0&quot;,&quot;iso&quot;:&quot;0&quot;,&quot;shutter_speed&quot;:&quot;0&quot;,&quot;title&quot;:&quot;&quot;,&quot;orientation&quot;:&quot;0&quot;}\" data-image-title=\"Imagen de WhatsApp 2023-10-18 a las 11.28.02_2a3ee8c3\" data-image-description=\"\" data-image-caption=\"\" data-large-file=\"https:\/\/eldiariodesanpedro.com.ar\/sitio\/wp-content\/uploads\/2023\/10\/Imagen-de-WhatsApp-2023-10-18-a-las-11.28.02_2a3ee8c3.jpg\" data-src=\"https:\/\/eldiariodesanpedro.com.ar\/sitio\/wp-content\/uploads\/2023\/10\/Imagen-de-WhatsApp-2023-10-18-a-las-11.28.02_2a3ee8c3.jpg\" alt=\"\" class=\"wp-image-123179 lazyload\" data-srcset=\"https:\/\/eldiariodesanpedro.com.ar\/sitio\/wp-content\/uploads\/2023\/10\/Imagen-de-WhatsApp-2023-10-18-a-las-11.28.02_2a3ee8c3.jpg 946w, https:\/\/eldiariodesanpedro.com.ar\/sitio\/wp-content\/uploads\/2023\/10\/Imagen-de-WhatsApp-2023-10-18-a-las-11.28.02_2a3ee8c3-300x200.jpg 300w, https:\/\/eldiariodesanpedro.com.ar\/sitio\/wp-content\/uploads\/2023\/10\/Imagen-de-WhatsApp-2023-10-18-a-las-11.28.02_2a3ee8c3-768x511.jpg 768w\" data-sizes=\"(max-width: 946px) 100vw, 946px\" src=\"data:image\/svg+xml;base64,PHN2ZyB3aWR0aD0iMSIgaGVpZ2h0PSIxIiB4bWxucz0iaHR0cDovL3d3dy53My5vcmcvMjAwMC9zdmciPjwvc3ZnPg==\" style=\"--smush-placeholder-width: 946px; --smush-placeholder-aspect-ratio: 946\/630;\" \/><\/figure>\n\n\n\n<figure class=\"wp-block-image size-full\"><img decoding=\"async\" width=\"894\" height=\"630\" data-attachment-id=\"123182\" data-permalink=\"https:\/\/eldiariodesanpedro.com.ar\/sitio\/el-intendente-cecilio-salazar-participa-en-la-segunda-etapa-del-programa-ideas-jovenes-en-el-club-pescadores\/imagen-de-whatsapp-2023-10-18-a-las-11-28-03_dd8f3dc5\/\" data-orig-file=\"https:\/\/eldiariodesanpedro.com.ar\/sitio\/wp-content\/uploads\/2023\/10\/Imagen-de-WhatsApp-2023-10-18-a-las-11.28.03_dd8f3dc5.jpg\" data-orig-size=\"894,630\" data-comments-opened=\"0\" data-image-meta=\"{&quot;aperture&quot;:&quot;0&quot;,&quot;credit&quot;:&quot;&quot;,&quot;camera&quot;:&quot;&quot;,&quot;caption&quot;:&quot;&quot;,&quot;created_timestamp&quot;:&quot;0&quot;,&quot;copyright&quot;:&quot;&quot;,&quot;focal_length&quot;:&quot;0&quot;,&quot;iso&quot;:&quot;0&quot;,&quot;shutter_speed&quot;:&quot;0&quot;,&quot;title&quot;:&quot;&quot;,&quot;orientation&quot;:&quot;0&quot;}\" data-image-title=\"Imagen de WhatsApp 2023-10-18 a las 11.28.03_dd8f3dc5\" data-image-description=\"\" data-image-caption=\"\" data-large-file=\"https:\/\/eldiariodesanpedro.com.ar\/sitio\/wp-content\/uploads\/2023\/10\/Imagen-de-WhatsApp-2023-10-18-a-las-11.28.03_dd8f3dc5.jpg\" data-src=\"https:\/\/eldiariodesanpedro.com.ar\/sitio\/wp-content\/uploads\/2023\/10\/Imagen-de-WhatsApp-2023-10-18-a-las-11.28.03_dd8f3dc5.jpg\" alt=\"\" class=\"wp-image-123182 lazyload\" data-srcset=\"https:\/\/eldiariodesanpedro.com.ar\/sitio\/wp-content\/uploads\/2023\/10\/Imagen-de-WhatsApp-2023-10-18-a-las-11.28.03_dd8f3dc5.jpg 894w, https:\/\/eldiariodesanpedro.com.ar\/sitio\/wp-content\/uploads\/2023\/10\/Imagen-de-WhatsApp-2023-10-18-a-las-11.28.03_dd8f3dc5-300x211.jpg 300w, https:\/\/eldiariodesanpedro.com.ar\/sitio\/wp-content\/uploads\/2023\/10\/Imagen-de-WhatsApp-2023-10-18-a-las-11.28.03_dd8f3dc5-768x541.jpg 768w\" data-sizes=\"(max-width: 894px) 100vw, 894px\" src=\"data:image\/svg+xml;base64,PHN2ZyB3aWR0aD0iMSIgaGVpZ2h0PSIxIiB4bWxucz0iaHR0cDovL3d3dy53My5vcmcvMjAwMC9zdmciPjwvc3ZnPg==\" style=\"--smush-placeholder-width: 894px; --smush-placeholder-aspect-ratio: 894\/630;\" \/><\/figure>\n","protected":false},"excerpt":{"rendered":"<p>Este mi\u00e9rcoles, el Intendente Cecilio Salazar se uni\u00f3 a la segunda etapa del programa \u00abIdeas J\u00f3venes\u00bb, llevada a cabo en el Club Pescadores y N\u00e1utica de San Pedro. La iniciativa busca ofrecer a los estudiantes de las escuelas secundarias del distrito un espacio para expresar su ciudadan\u00eda a trav\u00e9s de debates y participaci\u00f3n democr\u00e1tica. En [&hellip;]<\/p>\n","protected":false},"author":4,"featured_media":123178,"comment_status":"closed","ping_status":"closed","sticky":false,"template":"","format":"standard","meta":{"om_disable_all_campaigns":false,"_jetpack_memberships_contains_paid_content":false,"footnotes":""},"categories":[50,101,2],"tags":[197,696,33,19],"class_list":["post-123175","post","type-post","status-publish","format-standard","has-post-thumbnail","hentry","category-destacadas","category-interes-general-locales","category-locales","tag-buenos-aires","tag-interes-general","tag-locales","tag-san-pedro"],"aioseo_notices":[],"gutentor_comment":0,"jetpack_featured_media_url":"https:\/\/eldiariodesanpedro.com.ar\/sitio\/wp-content\/uploads\/2023\/10\/Imagen-de-WhatsApp-2023-10-18-a-las-11.27.58_4b81acb2.jpg","jetpack_shortlink":"https:\/\/wp.me\/p6RhLt-w2H","jetpack_sharing_enabled":true,"_links":{"self":[{"href":"https:\/\/eldiariodesanpedro.com.ar\/sitio\/wp-json\/wp\/v2\/posts\/123175","targetHints":{"allow":["GET"]}}],"collection":[{"href":"https:\/\/eldiariodesanpedro.com.ar\/sitio\/wp-json\/wp\/v2\/posts"}],"about":[{"href":"https:\/\/eldiariodesanpedro.com.ar\/sitio\/wp-json\/wp\/v2\/types\/post"}],"author":[{"embeddable":true,"href":"https:\/\/eldiariodesanpedro.com.ar\/sitio\/wp-json\/wp\/v2\/users\/4"}],"replies":[{"embeddable":true,"href":"https:\/\/eldiariodesanpedro.com.ar\/sitio\/wp-json\/wp\/v2\/comments?post=123175"}],"version-history":[{"count":1,"href":"https:\/\/eldiariodesanpedro.com.ar\/sitio\/wp-json\/wp\/v2\/posts\/123175\/revisions"}],"predecessor-version":[{"id":123183,"href":"https:\/\/eldiariodesanpedro.com.ar\/sitio\/wp-json\/wp\/v2\/posts\/123175\/revisions\/123183"}],"wp:featuredmedia":[{"embeddable":true,"href":"https:\/\/eldiariodesanpedro.com.ar\/sitio\/wp-json\/wp\/v2\/media\/123178"}],"wp:attachment":[{"href":"https:\/\/eldiariodesanpedro.com.ar\/sitio\/wp-json\/wp\/v2\/media?parent=123175"}],"wp:term":[{"taxonomy":"category","embeddable":true,"href":"https:\/\/eldiariodesanpedro.com.ar\/sitio\/wp-json\/wp\/v2\/categories?post=123175"},{"taxonomy":"post_tag","embeddable":true,"href":"https:\/\/eldiariodesanpedro.com.ar\/sitio\/wp-json\/wp\/v2\/tags?post=123175"}],"curies":[{"name":"wp","href":"https:\/\/api.w.org\/{rel}","templated":true}]}}