{"id":123167,"date":"2023-10-19T10:41:21","date_gmt":"2023-10-19T13:41:21","guid":{"rendered":"https:\/\/eldiariodesanpedro.com.ar\/sitio\/?p=123167"},"modified":"2023-10-19T10:41:23","modified_gmt":"2023-10-19T13:41:23","slug":"el-intendente-cecilio-salazar-recibio-a-la-subsecretaria-de-politica-ambiental-del-ministerio-de-ambiente-de-la-provincia","status":"publish","type":"post","link":"https:\/\/eldiariodesanpedro.com.ar\/sitio\/el-intendente-cecilio-salazar-recibio-a-la-subsecretaria-de-politica-ambiental-del-ministerio-de-ambiente-de-la-provincia\/","title":{"rendered":"El Intendente Cecilio Salazar recibi\u00f3 a la Subsecretaria de Pol\u00edtica Ambiental del Ministerio de Ambiente de la Provincia"},"content":{"rendered":"<!-- VideographyWP Plugin Message: Automatic video embedding prevented by plugin options. -->\n\n<p>Este martes, el Intendente Cecilio Salazar, recibi\u00f3 en su despacho a la Subsecretaria de Pol\u00edtica Ambiental del Ministerio de Ambiente de la Provincia de Buenos Aires, Tamara Basteiro.<\/p>\n\n\n\n<p>Durante la reuni\u00f3n, se dialog\u00f3 sobre el progreso de los programas que se vienen ejecutando en el partido de San Pedro, gestionadas por el Intendente Cecilio Salazar y financiamiento del Ministerio de Ambiente de la Provincia.<br>A trav\u00e9s del Programa \u201cParques Ambientales\u201d en el Paseo P\u00fablico 2 se est\u00e1 concretando la transformaci\u00f3n de este espacio incorpor\u00e1ndole componentes ambientales. Adem\u00e1s, mediante este programa, se est\u00e1n instalando en diferentes espacios p\u00fablicos de nuestra ciudad estaciones solares, este programa permitir\u00e1 a nuestra comunidad relacionarse con componentes ambientales como la energ\u00eda solar, mobiliario realizado con materiales reciclados y puntos de separaci\u00f3n de residuos.<\/p>\n\n\n\n<p>Por otro lado, junto al Programa \u201cNativas Bonaerenses\u201d se est\u00e1 fortaleciendo el vivero de plantas nativas que el municipio tiene en la localidad de Vuelta de Obligado, permitiendo emprender el camino de la restauraci\u00f3n del Bosque Nativo en el \u00c1rea Natural Protegida Municipal de Vuelta de Obligado y otros sitios del Municipio.<\/p>\n\n\n\n<p>La adhesi\u00f3n al programa \u201cTransici\u00f3n Ecol\u00f3gica\u201d, que fue creado por el Ministerio en febrero de este a\u00f1o y contempla el recambio de luminarias tradicionales por luminarias led, la municipalidad podr\u00e1 renovar 67 luminarias en la Avenida 11 de septiembre.<\/p>\n\n\n\n<p>A trav\u00e9s de estos programas provinciales, a los cuales el Municipio se encuentra adherido desde marzo de este a\u00f1o, se est\u00e1n fortaleciendo los servicios de los principales espacios verdes del Municipio, acercando a la comunidad mediante su uso a las energ\u00edas renovables mediante el uso de calefones solares para agua caliente gratuita y carga de celulares con pantallas solares; la reducci\u00f3n del consumo de energ\u00eda el\u00e9ctrica en el alumbrado p\u00fablico del Municipio con el recambio de luminarias tradicionales por led; el reciclaje mediante el uso de mobiliario para las \u00e1reas de uso p\u00fablico y la separaci\u00f3n de residuos a trav\u00e9s de cestos diferenciados entre otros servicios.<\/p>\n\n\n\n<p>Luego del encuentro, del que tambi\u00e9n participaron el Secretario de Gobierno, Mart\u00edn Baraybar, y el Director de Medio Ambiente, Gustavo Sol\u00e1, las autoridades se dirigieron al predio para llevar a cabo un recorrido que permiti\u00f3 visualizar el avance del Parque Ambiental en el Paseo P\u00fablico 2 y 1.<\/p>\n\n\n\n<p>Estos proyectos, de gran relevancia para el desarrollo sostenible de la ciudad, representan un compromiso del gobierno que encabeza el Intendente Cecilio Salazar por la preservaci\u00f3n del entorno natural y el impulso de iniciativas sustentables en\u00a0nuestra\u00a0regi\u00f3n.<\/p>\n\n\n\n<figure class=\"wp-block-image size-full\"><img decoding=\"async\" width=\"993\" height=\"630\" data-attachment-id=\"123169\" data-permalink=\"https:\/\/eldiariodesanpedro.com.ar\/sitio\/el-intendente-cecilio-salazar-recibio-a-la-subsecretaria-de-politica-ambiental-del-ministerio-de-ambiente-de-la-provincia\/imagen-de-whatsapp-2023-10-18-a-las-09-42-34_083be975\/\" data-orig-file=\"https:\/\/eldiariodesanpedro.com.ar\/sitio\/wp-content\/uploads\/2023\/10\/Imagen-de-WhatsApp-2023-10-18-a-las-09.42.34_083be975.jpg\" data-orig-size=\"993,630\" data-comments-opened=\"0\" data-image-meta=\"{&quot;aperture&quot;:&quot;0&quot;,&quot;credit&quot;:&quot;&quot;,&quot;camera&quot;:&quot;&quot;,&quot;caption&quot;:&quot;&quot;,&quot;created_timestamp&quot;:&quot;0&quot;,&quot;copyright&quot;:&quot;&quot;,&quot;focal_length&quot;:&quot;0&quot;,&quot;iso&quot;:&quot;0&quot;,&quot;shutter_speed&quot;:&quot;0&quot;,&quot;title&quot;:&quot;&quot;,&quot;orientation&quot;:&quot;0&quot;}\" data-image-title=\"Imagen de WhatsApp 2023-10-18 a las 09.42.34_083be975\" data-image-description=\"\" data-image-caption=\"\" data-large-file=\"https:\/\/eldiariodesanpedro.com.ar\/sitio\/wp-content\/uploads\/2023\/10\/Imagen-de-WhatsApp-2023-10-18-a-las-09.42.34_083be975.jpg\" data-src=\"https:\/\/eldiariodesanpedro.com.ar\/sitio\/wp-content\/uploads\/2023\/10\/Imagen-de-WhatsApp-2023-10-18-a-las-09.42.34_083be975.jpg\" alt=\"\" class=\"wp-image-123169 lazyload\" data-srcset=\"https:\/\/eldiariodesanpedro.com.ar\/sitio\/wp-content\/uploads\/2023\/10\/Imagen-de-WhatsApp-2023-10-18-a-las-09.42.34_083be975.jpg 993w, https:\/\/eldiariodesanpedro.com.ar\/sitio\/wp-content\/uploads\/2023\/10\/Imagen-de-WhatsApp-2023-10-18-a-las-09.42.34_083be975-300x190.jpg 300w, https:\/\/eldiariodesanpedro.com.ar\/sitio\/wp-content\/uploads\/2023\/10\/Imagen-de-WhatsApp-2023-10-18-a-las-09.42.34_083be975-768x487.jpg 768w, https:\/\/eldiariodesanpedro.com.ar\/sitio\/wp-content\/uploads\/2023\/10\/Imagen-de-WhatsApp-2023-10-18-a-las-09.42.34_083be975-345x218.jpg 345w\" data-sizes=\"(max-width: 993px) 100vw, 993px\" src=\"data:image\/svg+xml;base64,PHN2ZyB3aWR0aD0iMSIgaGVpZ2h0PSIxIiB4bWxucz0iaHR0cDovL3d3dy53My5vcmcvMjAwMC9zdmciPjwvc3ZnPg==\" style=\"--smush-placeholder-width: 993px; --smush-placeholder-aspect-ratio: 993\/630;\" \/><\/figure>\n","protected":false},"excerpt":{"rendered":"<p>Este martes, el Intendente Cecilio Salazar, recibi\u00f3 en su despacho a la Subsecretaria de Pol\u00edtica Ambiental del Ministerio de Ambiente de la Provincia de Buenos Aires, Tamara Basteiro. Durante la reuni\u00f3n, se dialog\u00f3 sobre el progreso de los programas que se vienen ejecutando en el partido de San Pedro, gestionadas por el Intendente Cecilio Salazar [&hellip;]<\/p>\n","protected":false},"author":4,"featured_media":123168,"comment_status":"closed","ping_status":"closed","sticky":false,"template":"","format":"standard","meta":{"om_disable_all_campaigns":false,"_jetpack_memberships_contains_paid_content":false,"footnotes":""},"categories":[50,101,2],"tags":[197,696,33,19],"class_list":["post-123167","post","type-post","status-publish","format-standard","has-post-thumbnail","hentry","category-destacadas","category-interes-general-locales","category-locales","tag-buenos-aires","tag-interes-general","tag-locales","tag-san-pedro"],"aioseo_notices":[],"gutentor_comment":0,"jetpack_featured_media_url":"https:\/\/eldiariodesanpedro.com.ar\/sitio\/wp-content\/uploads\/2023\/10\/Imagen-de-WhatsApp-2023-10-18-a-las-09.42.33_97028f96.jpg","jetpack_shortlink":"https:\/\/wp.me\/p6RhLt-w2z","jetpack_sharing_enabled":true,"_links":{"self":[{"href":"https:\/\/eldiariodesanpedro.com.ar\/sitio\/wp-json\/wp\/v2\/posts\/123167","targetHints":{"allow":["GET"]}}],"collection":[{"href":"https:\/\/eldiariodesanpedro.com.ar\/sitio\/wp-json\/wp\/v2\/posts"}],"about":[{"href":"https:\/\/eldiariodesanpedro.com.ar\/sitio\/wp-json\/wp\/v2\/types\/post"}],"author":[{"embeddable":true,"href":"https:\/\/eldiariodesanpedro.com.ar\/sitio\/wp-json\/wp\/v2\/users\/4"}],"replies":[{"embeddable":true,"href":"https:\/\/eldiariodesanpedro.com.ar\/sitio\/wp-json\/wp\/v2\/comments?post=123167"}],"version-history":[{"count":1,"href":"https:\/\/eldiariodesanpedro.com.ar\/sitio\/wp-json\/wp\/v2\/posts\/123167\/revisions"}],"predecessor-version":[{"id":123174,"href":"https:\/\/eldiariodesanpedro.com.ar\/sitio\/wp-json\/wp\/v2\/posts\/123167\/revisions\/123174"}],"wp:featuredmedia":[{"embeddable":true,"href":"https:\/\/eldiariodesanpedro.com.ar\/sitio\/wp-json\/wp\/v2\/media\/123168"}],"wp:attachment":[{"href":"https:\/\/eldiariodesanpedro.com.ar\/sitio\/wp-json\/wp\/v2\/media?parent=123167"}],"wp:term":[{"taxonomy":"category","embeddable":true,"href":"https:\/\/eldiariodesanpedro.com.ar\/sitio\/wp-json\/wp\/v2\/categories?post=123167"},{"taxonomy":"post_tag","embeddable":true,"href":"https:\/\/eldiariodesanpedro.com.ar\/sitio\/wp-json\/wp\/v2\/tags?post=123167"}],"curies":[{"name":"wp","href":"https:\/\/api.w.org\/{rel}","templated":true}]}}