{"id":123158,"date":"2023-10-19T10:20:19","date_gmt":"2023-10-19T13:20:19","guid":{"rendered":"https:\/\/eldiariodesanpedro.com.ar\/sitio\/?p=123158"},"modified":"2023-10-19T10:20:21","modified_gmt":"2023-10-19T13:20:21","slug":"nueva-entrega-de-computadoras-del-programa-conectar-igualdad-bonaerense-en-las-escuelas-normal-y-agraria","status":"publish","type":"post","link":"https:\/\/eldiariodesanpedro.com.ar\/sitio\/nueva-entrega-de-computadoras-del-programa-conectar-igualdad-bonaerense-en-las-escuelas-normal-y-agraria\/","title":{"rendered":"Nueva entrega de computadoras del programa Conectar Igualdad Bonaerense en las escuelas Normal y Agraria"},"content":{"rendered":"<!-- VideographyWP Plugin Message: Automatic video embedding prevented by plugin options. -->\n\n<p>En la continuidad del diagrama previsto para la entrega de computadoras personales a estudiantes de nivel secundario de la Provincia de Buenos Aires, se cumpli\u00f3 este lunes con la asignaci\u00f3n correspondiente para los alumnos de las Escuelas Normal y Agraria de R\u00edo Tala.<\/p>\n\n\n\n<p>La iniciativa que ratifica la pol\u00edtica de estado para brindarles herramientas de educaci\u00f3n y conectividad a las y los estudiantes ya recorri\u00f3 en San Pedro otros establecimientos educativos y en total alcanza a m\u00e1s de 160 mil j\u00f3venes en toda la Provincia. En San Pedro ya se han entregado aproximadamente 1.000 equipos.<\/p>\n\n\n\n<p>El Intendente Cecilio Salazar y autoridades educativas realizaron la entrega de 153 netbooks a estudiantes de la Escuela Normal y 53 a estudiantes de la Escuela Agraria de R\u00edo Tala y pusieron a disposici\u00f3n de los establecimientos materiales educativos y tecnol\u00f3gicos.<\/p>\n\n\n\n<p>La utilizaci\u00f3n de las netbooks permite, entre otras acciones, la interacci\u00f3n apropiada para acceder a programas educativos abiertos creados con el prop\u00f3sito de desarrollar aulas virtuales que ampl\u00edan los recursos disponibles.<\/p>\n\n\n\n<p>Adem\u00e1s del Intendente participaron del acto la Jefa Distrital de Educaci\u00f3n, Lorena L\u00f3pez; Alan Ocampo, Secretario Coordinador del Consejo Provincial de Educaci\u00f3n y Trabajo y autoridades de ambas instituciones\u00a0educativas.<\/p>\n\n\n\n<figure class=\"wp-block-image size-full\"><img decoding=\"async\" width=\"962\" height=\"630\" data-attachment-id=\"123159\" data-permalink=\"https:\/\/eldiariodesanpedro.com.ar\/sitio\/nueva-entrega-de-computadoras-del-programa-conectar-igualdad-bonaerense-en-las-escuelas-normal-y-agraria\/imagen-de-whatsapp-2023-10-17-a-las-16-05-31_9cfa1921\/\" data-orig-file=\"https:\/\/eldiariodesanpedro.com.ar\/sitio\/wp-content\/uploads\/2023\/10\/Imagen-de-WhatsApp-2023-10-17-a-las-16.05.31_9cfa1921.jpg\" data-orig-size=\"962,630\" data-comments-opened=\"0\" data-image-meta=\"{&quot;aperture&quot;:&quot;0&quot;,&quot;credit&quot;:&quot;&quot;,&quot;camera&quot;:&quot;&quot;,&quot;caption&quot;:&quot;&quot;,&quot;created_timestamp&quot;:&quot;0&quot;,&quot;copyright&quot;:&quot;&quot;,&quot;focal_length&quot;:&quot;0&quot;,&quot;iso&quot;:&quot;0&quot;,&quot;shutter_speed&quot;:&quot;0&quot;,&quot;title&quot;:&quot;&quot;,&quot;orientation&quot;:&quot;0&quot;}\" data-image-title=\"Imagen de WhatsApp 2023-10-17 a las 16.05.31_9cfa1921\" data-image-description=\"\" data-image-caption=\"\" data-large-file=\"https:\/\/eldiariodesanpedro.com.ar\/sitio\/wp-content\/uploads\/2023\/10\/Imagen-de-WhatsApp-2023-10-17-a-las-16.05.31_9cfa1921.jpg\" data-src=\"https:\/\/eldiariodesanpedro.com.ar\/sitio\/wp-content\/uploads\/2023\/10\/Imagen-de-WhatsApp-2023-10-17-a-las-16.05.31_9cfa1921.jpg\" alt=\"\" class=\"wp-image-123159 lazyload\" data-srcset=\"https:\/\/eldiariodesanpedro.com.ar\/sitio\/wp-content\/uploads\/2023\/10\/Imagen-de-WhatsApp-2023-10-17-a-las-16.05.31_9cfa1921.jpg 962w, https:\/\/eldiariodesanpedro.com.ar\/sitio\/wp-content\/uploads\/2023\/10\/Imagen-de-WhatsApp-2023-10-17-a-las-16.05.31_9cfa1921-300x196.jpg 300w, https:\/\/eldiariodesanpedro.com.ar\/sitio\/wp-content\/uploads\/2023\/10\/Imagen-de-WhatsApp-2023-10-17-a-las-16.05.31_9cfa1921-768x503.jpg 768w\" data-sizes=\"(max-width: 962px) 100vw, 962px\" src=\"data:image\/svg+xml;base64,PHN2ZyB3aWR0aD0iMSIgaGVpZ2h0PSIxIiB4bWxucz0iaHR0cDovL3d3dy53My5vcmcvMjAwMC9zdmciPjwvc3ZnPg==\" style=\"--smush-placeholder-width: 962px; --smush-placeholder-aspect-ratio: 962\/630;\" \/><\/figure>\n\n\n\n<figure class=\"wp-block-image size-large is-resized\"><img decoding=\"async\" width=\"1024\" height=\"496\" data-attachment-id=\"123160\" data-permalink=\"https:\/\/eldiariodesanpedro.com.ar\/sitio\/nueva-entrega-de-computadoras-del-programa-conectar-igualdad-bonaerense-en-las-escuelas-normal-y-agraria\/imagen-de-whatsapp-2023-10-17-a-las-16-05-32_ed543423\/\" data-orig-file=\"https:\/\/eldiariodesanpedro.com.ar\/sitio\/wp-content\/uploads\/2023\/10\/Imagen-de-WhatsApp-2023-10-17-a-las-16.05.32_ed543423.jpg\" data-orig-size=\"1200,581\" data-comments-opened=\"0\" data-image-meta=\"{&quot;aperture&quot;:&quot;0&quot;,&quot;credit&quot;:&quot;&quot;,&quot;camera&quot;:&quot;&quot;,&quot;caption&quot;:&quot;&quot;,&quot;created_timestamp&quot;:&quot;0&quot;,&quot;copyright&quot;:&quot;&quot;,&quot;focal_length&quot;:&quot;0&quot;,&quot;iso&quot;:&quot;0&quot;,&quot;shutter_speed&quot;:&quot;0&quot;,&quot;title&quot;:&quot;&quot;,&quot;orientation&quot;:&quot;0&quot;}\" data-image-title=\"Imagen de WhatsApp 2023-10-17 a las 16.05.32_ed543423\" data-image-description=\"\" data-image-caption=\"\" data-large-file=\"https:\/\/eldiariodesanpedro.com.ar\/sitio\/wp-content\/uploads\/2023\/10\/Imagen-de-WhatsApp-2023-10-17-a-las-16.05.32_ed543423-1024x496.jpg\" data-src=\"https:\/\/eldiariodesanpedro.com.ar\/sitio\/wp-content\/uploads\/2023\/10\/Imagen-de-WhatsApp-2023-10-17-a-las-16.05.32_ed543423-1024x496.jpg\" alt=\"\" class=\"wp-image-123160 lazyload\" style=\"--smush-placeholder-width: 1024px; --smush-placeholder-aspect-ratio: 1024\/496;aspect-ratio:2.064516129032258;width:840px;height:auto\" data-srcset=\"https:\/\/eldiariodesanpedro.com.ar\/sitio\/wp-content\/uploads\/2023\/10\/Imagen-de-WhatsApp-2023-10-17-a-las-16.05.32_ed543423-1024x496.jpg 1024w, https:\/\/eldiariodesanpedro.com.ar\/sitio\/wp-content\/uploads\/2023\/10\/Imagen-de-WhatsApp-2023-10-17-a-las-16.05.32_ed543423-300x145.jpg 300w, https:\/\/eldiariodesanpedro.com.ar\/sitio\/wp-content\/uploads\/2023\/10\/Imagen-de-WhatsApp-2023-10-17-a-las-16.05.32_ed543423-768x372.jpg 768w, https:\/\/eldiariodesanpedro.com.ar\/sitio\/wp-content\/uploads\/2023\/10\/Imagen-de-WhatsApp-2023-10-17-a-las-16.05.32_ed543423.jpg 1200w\" data-sizes=\"(max-width: 1024px) 100vw, 1024px\" src=\"data:image\/svg+xml;base64,PHN2ZyB3aWR0aD0iMSIgaGVpZ2h0PSIxIiB4bWxucz0iaHR0cDovL3d3dy53My5vcmcvMjAwMC9zdmciPjwvc3ZnPg==\" \/><\/figure>\n\n\n\n<figure class=\"wp-block-image size-full\"><img decoding=\"async\" width=\"946\" height=\"630\" data-attachment-id=\"123164\" data-permalink=\"https:\/\/eldiariodesanpedro.com.ar\/sitio\/nueva-entrega-de-computadoras-del-programa-conectar-igualdad-bonaerense-en-las-escuelas-normal-y-agraria\/imagen-de-whatsapp-2023-10-17-a-las-16-05-36_56dd9a83\/\" data-orig-file=\"https:\/\/eldiariodesanpedro.com.ar\/sitio\/wp-content\/uploads\/2023\/10\/Imagen-de-WhatsApp-2023-10-17-a-las-16.05.36_56dd9a83.jpg\" data-orig-size=\"946,630\" data-comments-opened=\"0\" data-image-meta=\"{&quot;aperture&quot;:&quot;0&quot;,&quot;credit&quot;:&quot;&quot;,&quot;camera&quot;:&quot;&quot;,&quot;caption&quot;:&quot;&quot;,&quot;created_timestamp&quot;:&quot;0&quot;,&quot;copyright&quot;:&quot;&quot;,&quot;focal_length&quot;:&quot;0&quot;,&quot;iso&quot;:&quot;0&quot;,&quot;shutter_speed&quot;:&quot;0&quot;,&quot;title&quot;:&quot;&quot;,&quot;orientation&quot;:&quot;0&quot;}\" data-image-title=\"Imagen de WhatsApp 2023-10-17 a las 16.05.36_56dd9a83\" data-image-description=\"\" data-image-caption=\"\" data-large-file=\"https:\/\/eldiariodesanpedro.com.ar\/sitio\/wp-content\/uploads\/2023\/10\/Imagen-de-WhatsApp-2023-10-17-a-las-16.05.36_56dd9a83.jpg\" data-src=\"https:\/\/eldiariodesanpedro.com.ar\/sitio\/wp-content\/uploads\/2023\/10\/Imagen-de-WhatsApp-2023-10-17-a-las-16.05.36_56dd9a83.jpg\" alt=\"\" class=\"wp-image-123164 lazyload\" data-srcset=\"https:\/\/eldiariodesanpedro.com.ar\/sitio\/wp-content\/uploads\/2023\/10\/Imagen-de-WhatsApp-2023-10-17-a-las-16.05.36_56dd9a83.jpg 946w, https:\/\/eldiariodesanpedro.com.ar\/sitio\/wp-content\/uploads\/2023\/10\/Imagen-de-WhatsApp-2023-10-17-a-las-16.05.36_56dd9a83-300x200.jpg 300w, https:\/\/eldiariodesanpedro.com.ar\/sitio\/wp-content\/uploads\/2023\/10\/Imagen-de-WhatsApp-2023-10-17-a-las-16.05.36_56dd9a83-768x511.jpg 768w\" data-sizes=\"(max-width: 946px) 100vw, 946px\" src=\"data:image\/svg+xml;base64,PHN2ZyB3aWR0aD0iMSIgaGVpZ2h0PSIxIiB4bWxucz0iaHR0cDovL3d3dy53My5vcmcvMjAwMC9zdmciPjwvc3ZnPg==\" style=\"--smush-placeholder-width: 946px; --smush-placeholder-aspect-ratio: 946\/630;\" \/><\/figure>\n","protected":false},"excerpt":{"rendered":"<p>En la continuidad del diagrama previsto para la entrega de computadoras personales a estudiantes de nivel secundario de la Provincia de Buenos Aires, se cumpli\u00f3 este lunes con la asignaci\u00f3n correspondiente para los alumnos de las Escuelas Normal y Agraria de R\u00edo Tala. La iniciativa que ratifica la pol\u00edtica de estado para brindarles herramientas de [&hellip;]<\/p>\n","protected":false},"author":4,"featured_media":123163,"comment_status":"closed","ping_status":"closed","sticky":false,"template":"","format":"standard","meta":{"om_disable_all_campaigns":false,"_jetpack_memberships_contains_paid_content":false,"footnotes":""},"categories":[50,101,2],"tags":[197,696,33,19],"class_list":["post-123158","post","type-post","status-publish","format-standard","has-post-thumbnail","hentry","category-destacadas","category-interes-general-locales","category-locales","tag-buenos-aires","tag-interes-general","tag-locales","tag-san-pedro"],"aioseo_notices":[],"gutentor_comment":0,"jetpack_featured_media_url":"https:\/\/eldiariodesanpedro.com.ar\/sitio\/wp-content\/uploads\/2023\/10\/Imagen-de-WhatsApp-2023-10-17-a-las-16.05.35_c3778923.jpg","jetpack_shortlink":"https:\/\/wp.me\/p6RhLt-w2q","jetpack_sharing_enabled":true,"_links":{"self":[{"href":"https:\/\/eldiariodesanpedro.com.ar\/sitio\/wp-json\/wp\/v2\/posts\/123158","targetHints":{"allow":["GET"]}}],"collection":[{"href":"https:\/\/eldiariodesanpedro.com.ar\/sitio\/wp-json\/wp\/v2\/posts"}],"about":[{"href":"https:\/\/eldiariodesanpedro.com.ar\/sitio\/wp-json\/wp\/v2\/types\/post"}],"author":[{"embeddable":true,"href":"https:\/\/eldiariodesanpedro.com.ar\/sitio\/wp-json\/wp\/v2\/users\/4"}],"replies":[{"embeddable":true,"href":"https:\/\/eldiariodesanpedro.com.ar\/sitio\/wp-json\/wp\/v2\/comments?post=123158"}],"version-history":[{"count":1,"href":"https:\/\/eldiariodesanpedro.com.ar\/sitio\/wp-json\/wp\/v2\/posts\/123158\/revisions"}],"predecessor-version":[{"id":123165,"href":"https:\/\/eldiariodesanpedro.com.ar\/sitio\/wp-json\/wp\/v2\/posts\/123158\/revisions\/123165"}],"wp:featuredmedia":[{"embeddable":true,"href":"https:\/\/eldiariodesanpedro.com.ar\/sitio\/wp-json\/wp\/v2\/media\/123163"}],"wp:attachment":[{"href":"https:\/\/eldiariodesanpedro.com.ar\/sitio\/wp-json\/wp\/v2\/media?parent=123158"}],"wp:term":[{"taxonomy":"category","embeddable":true,"href":"https:\/\/eldiariodesanpedro.com.ar\/sitio\/wp-json\/wp\/v2\/categories?post=123158"},{"taxonomy":"post_tag","embeddable":true,"href":"https:\/\/eldiariodesanpedro.com.ar\/sitio\/wp-json\/wp\/v2\/tags?post=123158"}],"curies":[{"name":"wp","href":"https:\/\/api.w.org\/{rel}","templated":true}]}}