{"id":123156,"date":"2023-10-19T10:16:07","date_gmt":"2023-10-19T13:16:07","guid":{"rendered":"https:\/\/eldiariodesanpedro.com.ar\/sitio\/?p=123156"},"modified":"2023-10-19T10:16:09","modified_gmt":"2023-10-19T13:16:09","slug":"sociedad-rural-expreso-su-preocupacion-por-la-falta-de-respuestas-a-los-reclamos-formulados-al-municipio","status":"publish","type":"post","link":"https:\/\/eldiariodesanpedro.com.ar\/sitio\/sociedad-rural-expreso-su-preocupacion-por-la-falta-de-respuestas-a-los-reclamos-formulados-al-municipio\/","title":{"rendered":"Sociedad Rural expres\u00f3 su preocupaci\u00f3n por la falta de respuestas a los reclamos formulados al Municipio"},"content":{"rendered":"<!-- VideographyWP Plugin Message: Automatic video embedding prevented by plugin options. -->\n\n<p>La Sociedad Rural de San Pedro comparte con la comunidad la preocupaci\u00f3n por las \u00faltimas decisiones tomadas desde el Ejecutivo de nuestra ciudad con respecto a la falta de respuestas a las solicitudes que se han elevado en representaci\u00f3n de nuestro sector.<\/p>\n\n\n\n<p>Lamentablemente, los temas planteados no han tenido una evoluci\u00f3n favorable, en particular en lo que respecta a la exenci\u00f3n o suspensi\u00f3n del cobro de la \u00abTasa de Red Vial\u00bb para los productores en situaciones de emergencia o desastre. Esta medida habr\u00eda representado, al menos, un gesto hacia los productores del Partido, quienes enfrentan una de las sequ\u00edas m\u00e1s graves de todos los tiempos.<\/p>\n\n\n\n<p>Dado el grave contexto econ\u00f3mico y la proximidad de elecciones, en las cuales se intentar\u00e1 nuevamente convencer a los productores con promesas dif\u00edciles de creer, hacemos un llamado a la reflexi\u00f3n y a la memoria.<\/p>\n\n\n\n<p>Instamos a toda la sociedad a expresarse de manera contundente en contra de esta pol\u00edtica a nivel nacional, provincial y local, que solo beneficia a unos pocos, a expensas de un mal uso de nuestros recursos.<\/p>\n","protected":false},"excerpt":{"rendered":"<p>La Sociedad Rural de San Pedro comparte con la comunidad la preocupaci\u00f3n por las \u00faltimas decisiones tomadas desde el Ejecutivo de nuestra ciudad con respecto a la falta de respuestas a las solicitudes que se han elevado en representaci\u00f3n de nuestro sector. Lamentablemente, los temas planteados no han tenido una evoluci\u00f3n favorable, en particular en [&hellip;]<\/p>\n","protected":false},"author":4,"featured_media":11918,"comment_status":"closed","ping_status":"closed","sticky":false,"template":"","format":"standard","meta":{"om_disable_all_campaigns":false,"_jetpack_memberships_contains_paid_content":false,"footnotes":""},"categories":[50,101,2],"tags":[197,696,33,19],"class_list":["post-123156","post","type-post","status-publish","format-standard","has-post-thumbnail","hentry","category-destacadas","category-interes-general-locales","category-locales","tag-buenos-aires","tag-interes-general","tag-locales","tag-san-pedro"],"aioseo_notices":[],"gutentor_comment":0,"jetpack_featured_media_url":"https:\/\/eldiariodesanpedro.com.ar\/sitio\/wp-content\/uploads\/2016\/12\/El-trabajo-en-caminos-rurales.jpeg","jetpack_shortlink":"https:\/\/wp.me\/p6RhLt-w2o","jetpack_sharing_enabled":true,"_links":{"self":[{"href":"https:\/\/eldiariodesanpedro.com.ar\/sitio\/wp-json\/wp\/v2\/posts\/123156","targetHints":{"allow":["GET"]}}],"collection":[{"href":"https:\/\/eldiariodesanpedro.com.ar\/sitio\/wp-json\/wp\/v2\/posts"}],"about":[{"href":"https:\/\/eldiariodesanpedro.com.ar\/sitio\/wp-json\/wp\/v2\/types\/post"}],"author":[{"embeddable":true,"href":"https:\/\/eldiariodesanpedro.com.ar\/sitio\/wp-json\/wp\/v2\/users\/4"}],"replies":[{"embeddable":true,"href":"https:\/\/eldiariodesanpedro.com.ar\/sitio\/wp-json\/wp\/v2\/comments?post=123156"}],"version-history":[{"count":1,"href":"https:\/\/eldiariodesanpedro.com.ar\/sitio\/wp-json\/wp\/v2\/posts\/123156\/revisions"}],"predecessor-version":[{"id":123157,"href":"https:\/\/eldiariodesanpedro.com.ar\/sitio\/wp-json\/wp\/v2\/posts\/123156\/revisions\/123157"}],"wp:featuredmedia":[{"embeddable":true,"href":"https:\/\/eldiariodesanpedro.com.ar\/sitio\/wp-json\/wp\/v2\/media\/11918"}],"wp:attachment":[{"href":"https:\/\/eldiariodesanpedro.com.ar\/sitio\/wp-json\/wp\/v2\/media?parent=123156"}],"wp:term":[{"taxonomy":"category","embeddable":true,"href":"https:\/\/eldiariodesanpedro.com.ar\/sitio\/wp-json\/wp\/v2\/categories?post=123156"},{"taxonomy":"post_tag","embeddable":true,"href":"https:\/\/eldiariodesanpedro.com.ar\/sitio\/wp-json\/wp\/v2\/tags?post=123156"}],"curies":[{"name":"wp","href":"https:\/\/api.w.org\/{rel}","templated":true}]}}