{"id":123153,"date":"2023-10-19T10:11:22","date_gmt":"2023-10-19T13:11:22","guid":{"rendered":"https:\/\/eldiariodesanpedro.com.ar\/sitio\/?p=123153"},"modified":"2023-10-19T10:11:25","modified_gmt":"2023-10-19T13:11:25","slug":"el-grupo-conservacionista-recupera-las-mandibulas-fosilizadas-de-un-armadillo-gigante","status":"publish","type":"post","link":"https:\/\/eldiariodesanpedro.com.ar\/sitio\/el-grupo-conservacionista-recupera-las-mandibulas-fosilizadas-de-un-armadillo-gigante\/","title":{"rendered":"El Grupo Conservacionista recupera las mand\u00edbulas fosilizadas de un armadillo gigante"},"content":{"rendered":"<!-- VideographyWP Plugin Message: Automatic video embedding prevented by plugin options. -->\n\n<p>El equipo del Museo Paleontol\u00f3gico de San Pedro acaba de recuperar las dos ramas mandibulares completas de un gran armadillo prehist\u00f3rico de la especie Glyptodon munizi.Esta especie habit\u00f3 la regi\u00f3n durante la edad Ensenadense, un per\u00edodo comprendido entre los 500.000 y los 2.000.000 de a\u00f1os, aproximadamente.<br>Fueron animales acorazados, con un caparaz\u00f3n de unos 5 cent\u00edmetros de espesor que cubr\u00eda su cuerpo. Su cabeza estaba protegida por un escudo \u00f3seo y su cola, formada por anillos conc\u00e9ntricos de fuertes p\u00faas.<br>Eran herb\u00edvoros, consum\u00edan pasturas y su dentici\u00f3n era plana, preparada para machacar diferentes vegetales.<br>La pieza hallada, en excelente estado de conservaci\u00f3n, fue recuperada en cantera Agus-Mar, propiedad de la familia Iglesias, a unos 4 kil\u00f3metros de la ciudad.<br>En San Pedro ya son varios los ejemplares de esta especie descubiertos por el Grupo Conservacionista de F\u00f3siles, entre los que se encuentra el&nbsp;<strong>\u00abcachorro de armadillo gigante m\u00e1s completo de Argentina\u00bb<\/strong><\/p>\n","protected":false},"excerpt":{"rendered":"<p>El equipo del Museo Paleontol\u00f3gico de San Pedro acaba de recuperar las dos ramas mandibulares completas de un gran armadillo prehist\u00f3rico de la especie Glyptodon munizi.Esta especie habit\u00f3 la regi\u00f3n durante la edad Ensenadense, un per\u00edodo comprendido entre los 500.000 y los 2.000.000 de a\u00f1os, aproximadamente.Fueron animales acorazados, con un caparaz\u00f3n de unos 5 cent\u00edmetros [&hellip;]<\/p>\n","protected":false},"author":4,"featured_media":123154,"comment_status":"closed","ping_status":"closed","sticky":false,"template":"","format":"standard","meta":{"om_disable_all_campaigns":false,"_jetpack_memberships_contains_paid_content":false,"footnotes":""},"categories":[50,101,2],"tags":[197,696,33,19],"class_list":["post-123153","post","type-post","status-publish","format-standard","has-post-thumbnail","hentry","category-destacadas","category-interes-general-locales","category-locales","tag-buenos-aires","tag-interes-general","tag-locales","tag-san-pedro"],"aioseo_notices":[],"gutentor_comment":0,"jetpack_featured_media_url":"https:\/\/eldiariodesanpedro.com.ar\/sitio\/wp-content\/uploads\/2023\/10\/medida-13.png","jetpack_shortlink":"https:\/\/wp.me\/p6RhLt-w2l","jetpack_sharing_enabled":true,"_links":{"self":[{"href":"https:\/\/eldiariodesanpedro.com.ar\/sitio\/wp-json\/wp\/v2\/posts\/123153","targetHints":{"allow":["GET"]}}],"collection":[{"href":"https:\/\/eldiariodesanpedro.com.ar\/sitio\/wp-json\/wp\/v2\/posts"}],"about":[{"href":"https:\/\/eldiariodesanpedro.com.ar\/sitio\/wp-json\/wp\/v2\/types\/post"}],"author":[{"embeddable":true,"href":"https:\/\/eldiariodesanpedro.com.ar\/sitio\/wp-json\/wp\/v2\/users\/4"}],"replies":[{"embeddable":true,"href":"https:\/\/eldiariodesanpedro.com.ar\/sitio\/wp-json\/wp\/v2\/comments?post=123153"}],"version-history":[{"count":1,"href":"https:\/\/eldiariodesanpedro.com.ar\/sitio\/wp-json\/wp\/v2\/posts\/123153\/revisions"}],"predecessor-version":[{"id":123155,"href":"https:\/\/eldiariodesanpedro.com.ar\/sitio\/wp-json\/wp\/v2\/posts\/123153\/revisions\/123155"}],"wp:featuredmedia":[{"embeddable":true,"href":"https:\/\/eldiariodesanpedro.com.ar\/sitio\/wp-json\/wp\/v2\/media\/123154"}],"wp:attachment":[{"href":"https:\/\/eldiariodesanpedro.com.ar\/sitio\/wp-json\/wp\/v2\/media?parent=123153"}],"wp:term":[{"taxonomy":"category","embeddable":true,"href":"https:\/\/eldiariodesanpedro.com.ar\/sitio\/wp-json\/wp\/v2\/categories?post=123153"},{"taxonomy":"post_tag","embeddable":true,"href":"https:\/\/eldiariodesanpedro.com.ar\/sitio\/wp-json\/wp\/v2\/tags?post=123153"}],"curies":[{"name":"wp","href":"https:\/\/api.w.org\/{rel}","templated":true}]}}