{"id":12315,"date":"2017-01-05T20:04:28","date_gmt":"2017-01-05T23:04:28","guid":{"rendered":"https:\/\/eldiariodesanpedro.com.ar\/sitio\/?p=12315"},"modified":"2017-01-05T20:04:28","modified_gmt":"2017-01-05T23:04:28","slug":"realizaron-destrozos-y-robaron-en-la-escuela-no-48","status":"publish","type":"post","link":"https:\/\/eldiariodesanpedro.com.ar\/sitio\/realizaron-destrozos-y-robaron-en-la-escuela-no-48\/","title":{"rendered":"Realizaron destrozos y robaron en la escuela N\u00ba 48"},"content":{"rendered":"<p><!-- VideographyWP Plugin Message: Automatic video embedding prevented by plugin options. --><br \/>\nLa instituci\u00f3n educativa localizada en French y Rivadavia sufri\u00f3 un robo en sus instalaciones. Cuando directivos y docentes arribaron ayer por la ma\u00f1ana se encontraron con la situaci\u00f3n. \u201cMucha tristeza!!!!! As\u00ed encontramos nuestra querida escuela hoy\u2026\u201d, publicaron a trav\u00e9s de su Facebook con el objetivo de dar a conocer a la comunidad lo ocurrido.<\/p>\n<p>Los malvivientes lograron ingresar tras forzar una puerta trasera y si bien a\u00fan se desconoce precisamente qu\u00e9 es lo robado, hasta el momento advirtieron que falta una c\u00e1mara fotogr\u00e1fica y una base telef\u00f3nica, y se provocaron da\u00f1os de consideraci\u00f3n dentro del mobiliario. Barretearon las puertas internas y rompieron todos los candados.<\/p>\n<p>Tambi\u00e9n hab\u00eda, como consecuencia de ello, un desorden importante dentro de las distintas dependencias del edificio.<\/p>\n<p>En tanto que se cree que los autores del hecho podr\u00edan ser menores, puesto que se encontraron huellas de pisadas que as\u00ed lo indican.<\/p>\n","protected":false},"excerpt":{"rendered":"<p>La instituci\u00f3n educativa localizada en French y Rivadavia sufri\u00f3 un robo en sus instalaciones. Cuando directivos y docentes arribaron ayer por la ma\u00f1ana se encontraron con la situaci\u00f3n. \u201cMucha tristeza!!!!! As\u00ed encontramos nuestra querida escuela hoy\u2026\u201d, publicaron a trav\u00e9s de su Facebook con el objetivo de dar a conocer a la comunidad lo ocurrido. Los [&hellip;]<\/p>\n","protected":false},"author":4,"featured_media":12316,"comment_status":"open","ping_status":"closed","sticky":false,"template":"","format":"standard","meta":{"om_disable_all_campaigns":false,"_jetpack_memberships_contains_paid_content":false,"footnotes":""},"categories":[101,2],"tags":[],"class_list":["post-12315","post","type-post","status-publish","format-standard","has-post-thumbnail","hentry","category-interes-general-locales","category-locales"],"aioseo_notices":[],"gutentor_comment":0,"jetpack_featured_media_url":"https:\/\/eldiariodesanpedro.com.ar\/sitio\/wp-content\/uploads\/2017\/01\/Da\u00f1aron-el-mobiliario-y-efectuaron-destrozos-en-todas-las-dependencias.jpg","jetpack_shortlink":"https:\/\/wp.me\/p6RhLt-3cD","jetpack_sharing_enabled":true,"_links":{"self":[{"href":"https:\/\/eldiariodesanpedro.com.ar\/sitio\/wp-json\/wp\/v2\/posts\/12315","targetHints":{"allow":["GET"]}}],"collection":[{"href":"https:\/\/eldiariodesanpedro.com.ar\/sitio\/wp-json\/wp\/v2\/posts"}],"about":[{"href":"https:\/\/eldiariodesanpedro.com.ar\/sitio\/wp-json\/wp\/v2\/types\/post"}],"author":[{"embeddable":true,"href":"https:\/\/eldiariodesanpedro.com.ar\/sitio\/wp-json\/wp\/v2\/users\/4"}],"replies":[{"embeddable":true,"href":"https:\/\/eldiariodesanpedro.com.ar\/sitio\/wp-json\/wp\/v2\/comments?post=12315"}],"version-history":[{"count":1,"href":"https:\/\/eldiariodesanpedro.com.ar\/sitio\/wp-json\/wp\/v2\/posts\/12315\/revisions"}],"predecessor-version":[{"id":12317,"href":"https:\/\/eldiariodesanpedro.com.ar\/sitio\/wp-json\/wp\/v2\/posts\/12315\/revisions\/12317"}],"wp:featuredmedia":[{"embeddable":true,"href":"https:\/\/eldiariodesanpedro.com.ar\/sitio\/wp-json\/wp\/v2\/media\/12316"}],"wp:attachment":[{"href":"https:\/\/eldiariodesanpedro.com.ar\/sitio\/wp-json\/wp\/v2\/media?parent=12315"}],"wp:term":[{"taxonomy":"category","embeddable":true,"href":"https:\/\/eldiariodesanpedro.com.ar\/sitio\/wp-json\/wp\/v2\/categories?post=12315"},{"taxonomy":"post_tag","embeddable":true,"href":"https:\/\/eldiariodesanpedro.com.ar\/sitio\/wp-json\/wp\/v2\/tags?post=12315"}],"curies":[{"name":"wp","href":"https:\/\/api.w.org\/{rel}","templated":true}]}}