{"id":123147,"date":"2023-10-13T09:23:14","date_gmt":"2023-10-13T12:23:14","guid":{"rendered":"https:\/\/eldiariodesanpedro.com.ar\/sitio\/?p=123147"},"modified":"2023-10-17T09:16:02","modified_gmt":"2023-10-17T12:16:02","slug":"asamblea-general-extraordinaria-de-coopser","status":"publish","type":"post","link":"https:\/\/eldiariodesanpedro.com.ar\/sitio\/asamblea-general-extraordinaria-de-coopser\/","title":{"rendered":"Asamblea General Extraordinaria de Coopser"},"content":{"rendered":"<!-- VideographyWP Plugin Message: Automatic video embedding prevented by plugin options. -->\n\n<h1 class=\"wp-block-heading has-text-align-center\">Convocatoria<\/h1>\n\n\n\n<p>De conformidad con lo establecido en el Estatuto Social, convocase a los Se\u00f1ores Delegados de Distritos de la Cooperativa de Provisi\u00f3n de Servicios El\u00e9ctricos, P\u00fablicos y Sociales de San Pedro Limitada, para el d\u00eda 31 de Octubre de 2023, a las 21 horas, a <strong>Asamblea General Extraordinaria <\/strong>a realizarse en el Sindicato de Luz y Fuerza de la Zona del Paran\u00e1 , a fin de considerarse el siguiente:<\/p>\n\n\n\n<h3 class=\"wp-block-heading has-text-align-center\">Orden del D\u00eda<\/h3>\n\n\n\n<ol class=\"wp-block-list\" type=\"1\">\n<li>Elecci\u00f3n del Presidente de la presente Asamblea y de dos Delegados Asamble\u00edstas para que firmen conjuntamente con el Presidente y Secretario del Consejo de Administraci\u00f3n el Acta de la Asamblea.<\/li>\n\n\n\n<li>Ratificaci\u00f3n asamblearia de los conceptos ajenos incorporados actualmente a la factura de energ\u00eda el\u00e9ctrica, &nbsp;en los t\u00e9rminos de las&nbsp; circulares: CIR- 2022- 3- GDEBA-OCEBA y CIR- 2023-1- GDEBA-OCEBA<\/li>\n<\/ol>\n\n\n\n<p class=\"has-text-align-right\">San Pedro,\u00a0 Octubre de 2023.-<\/p>\n\n\n\n<p>Miguel Angel Madrid &#8211; Secretario<br>Ricardo Manuel Montesino &#8211; Presidente a cargo<\/p>\n\n\n\n<p>Notas: Las Asambleas de Delegados se rigen por el Cap\u00edtulo VI del Estatuto Social. Los asociados podr\u00e1n presentar al Consejo de Administraci\u00f3n las listas de Candidatos para Consejeros y S\u00edndicos Titular y Suplente dentro de los diez d\u00edas antes del fijado para la celebraci\u00f3n de la Asamblea.<\/p>\n\n\n\n<p>Los Delegados participar\u00e1n con un solo voto cualquiera sea el n\u00famero de acciones que posean. Las Asambleas se realizar\u00e1n v\u00e1lidamente sea cual fuere el n\u00famero de asistentes, una (1) hora despu\u00e9s de la fijada en la Convocatoria si antes no se hubiera reunido la mitad m\u00e1s uno de los Delegados en su caso.<\/p>\n","protected":false},"excerpt":{"rendered":"<p>Convocatoria De conformidad con lo establecido en el Estatuto Social, convocase a los Se\u00f1ores Delegados de Distritos de la Cooperativa de Provisi\u00f3n de Servicios El\u00e9ctricos, P\u00fablicos y Sociales de San Pedro Limitada, para el d\u00eda 31 de Octubre de 2023, a las 21 horas, a Asamblea General Extraordinaria a realizarse en el Sindicato de Luz [&hellip;]<\/p>\n","protected":false},"author":4,"featured_media":123150,"comment_status":"closed","ping_status":"closed","sticky":false,"template":"","format":"standard","meta":{"om_disable_all_campaigns":false,"_jetpack_memberships_contains_paid_content":false,"footnotes":""},"categories":[678],"tags":[4542],"class_list":["post-123147","post","type-post","status-publish","format-standard","has-post-thumbnail","hentry","category-convocatorias","tag-asamblea-general-extraordinaria-de-coopser"],"aioseo_notices":[],"gutentor_comment":0,"jetpack_featured_media_url":"https:\/\/eldiariodesanpedro.com.ar\/sitio\/wp-content\/uploads\/2023\/10\/Coopser-2023-octubre.jpg","jetpack_shortlink":"https:\/\/wp.me\/p6RhLt-w2f","jetpack_sharing_enabled":true,"_links":{"self":[{"href":"https:\/\/eldiariodesanpedro.com.ar\/sitio\/wp-json\/wp\/v2\/posts\/123147","targetHints":{"allow":["GET"]}}],"collection":[{"href":"https:\/\/eldiariodesanpedro.com.ar\/sitio\/wp-json\/wp\/v2\/posts"}],"about":[{"href":"https:\/\/eldiariodesanpedro.com.ar\/sitio\/wp-json\/wp\/v2\/types\/post"}],"author":[{"embeddable":true,"href":"https:\/\/eldiariodesanpedro.com.ar\/sitio\/wp-json\/wp\/v2\/users\/4"}],"replies":[{"embeddable":true,"href":"https:\/\/eldiariodesanpedro.com.ar\/sitio\/wp-json\/wp\/v2\/comments?post=123147"}],"version-history":[{"count":2,"href":"https:\/\/eldiariodesanpedro.com.ar\/sitio\/wp-json\/wp\/v2\/posts\/123147\/revisions"}],"predecessor-version":[{"id":123152,"href":"https:\/\/eldiariodesanpedro.com.ar\/sitio\/wp-json\/wp\/v2\/posts\/123147\/revisions\/123152"}],"wp:featuredmedia":[{"embeddable":true,"href":"https:\/\/eldiariodesanpedro.com.ar\/sitio\/wp-json\/wp\/v2\/media\/123150"}],"wp:attachment":[{"href":"https:\/\/eldiariodesanpedro.com.ar\/sitio\/wp-json\/wp\/v2\/media?parent=123147"}],"wp:term":[{"taxonomy":"category","embeddable":true,"href":"https:\/\/eldiariodesanpedro.com.ar\/sitio\/wp-json\/wp\/v2\/categories?post=123147"},{"taxonomy":"post_tag","embeddable":true,"href":"https:\/\/eldiariodesanpedro.com.ar\/sitio\/wp-json\/wp\/v2\/tags?post=123147"}],"curies":[{"name":"wp","href":"https:\/\/api.w.org\/{rel}","templated":true}]}}