{"id":123143,"date":"2023-10-12T11:48:09","date_gmt":"2023-10-12T14:48:09","guid":{"rendered":"https:\/\/eldiariodesanpedro.com.ar\/sitio\/?p=123143"},"modified":"2023-10-12T11:48:12","modified_gmt":"2023-10-12T14:48:12","slug":"presentacion-del-audiovisual-descubriendo-san-pedro","status":"publish","type":"post","link":"https:\/\/eldiariodesanpedro.com.ar\/sitio\/presentacion-del-audiovisual-descubriendo-san-pedro\/","title":{"rendered":"Presentaci\u00f3n del audiovisual \u00abDescubriendo San Pedro\u00bb"},"content":{"rendered":"<!-- VideographyWP Plugin Message: Automatic video embedding prevented by plugin options. -->\n\n<p>Desde la Secretar\u00eda de Turismo y Cultura de la Municipalidad de San Pedro compartimos la invitaci\u00f3n para la presentaci\u00f3n del audiovisual \u00abDescubriendo San Pedro\u00bb que se proyectar\u00e1 Hoy, jueves 12 de octubre, a las 18 horas en el Centro Cultural Abelardo Castillo.<\/p>\n\n\n\n<p>Desde el \u00e1rea y junto a los realizadores de este material que ser\u00e1 utilizado para la promoci\u00f3n de nuestra regi\u00f3n en redes sociales y exposiciones, se contar\u00e1n detalles del material recogido durante los \u00faltimos meses tomando como referencia la variada agenda tur\u00edstica y cultural de San Pedro con sus paisajes, su m\u00fasica y sus diferentes propuestas.<\/p>\n","protected":false},"excerpt":{"rendered":"<p>Desde la Secretar\u00eda de Turismo y Cultura de la Municipalidad de San Pedro compartimos la invitaci\u00f3n para la presentaci\u00f3n del audiovisual \u00abDescubriendo San Pedro\u00bb que se proyectar\u00e1 Hoy, jueves 12 de octubre, a las 18 horas en el Centro Cultural Abelardo Castillo. Desde el \u00e1rea y junto a los realizadores de este material que ser\u00e1 [&hellip;]<\/p>\n","protected":false},"author":4,"featured_media":123144,"comment_status":"closed","ping_status":"closed","sticky":false,"template":"","format":"standard","meta":{"om_disable_all_campaigns":false,"_jetpack_memberships_contains_paid_content":false,"footnotes":""},"categories":[101,2],"tags":[],"class_list":["post-123143","post","type-post","status-publish","format-standard","has-post-thumbnail","hentry","category-interes-general-locales","category-locales"],"aioseo_notices":[],"gutentor_comment":0,"jetpack_featured_media_url":"https:\/\/eldiariodesanpedro.com.ar\/sitio\/wp-content\/uploads\/2023\/10\/medida.jpg","jetpack_shortlink":"https:\/\/wp.me\/p6RhLt-w2b","jetpack_sharing_enabled":true,"_links":{"self":[{"href":"https:\/\/eldiariodesanpedro.com.ar\/sitio\/wp-json\/wp\/v2\/posts\/123143","targetHints":{"allow":["GET"]}}],"collection":[{"href":"https:\/\/eldiariodesanpedro.com.ar\/sitio\/wp-json\/wp\/v2\/posts"}],"about":[{"href":"https:\/\/eldiariodesanpedro.com.ar\/sitio\/wp-json\/wp\/v2\/types\/post"}],"author":[{"embeddable":true,"href":"https:\/\/eldiariodesanpedro.com.ar\/sitio\/wp-json\/wp\/v2\/users\/4"}],"replies":[{"embeddable":true,"href":"https:\/\/eldiariodesanpedro.com.ar\/sitio\/wp-json\/wp\/v2\/comments?post=123143"}],"version-history":[{"count":1,"href":"https:\/\/eldiariodesanpedro.com.ar\/sitio\/wp-json\/wp\/v2\/posts\/123143\/revisions"}],"predecessor-version":[{"id":123145,"href":"https:\/\/eldiariodesanpedro.com.ar\/sitio\/wp-json\/wp\/v2\/posts\/123143\/revisions\/123145"}],"wp:featuredmedia":[{"embeddable":true,"href":"https:\/\/eldiariodesanpedro.com.ar\/sitio\/wp-json\/wp\/v2\/media\/123144"}],"wp:attachment":[{"href":"https:\/\/eldiariodesanpedro.com.ar\/sitio\/wp-json\/wp\/v2\/media?parent=123143"}],"wp:term":[{"taxonomy":"category","embeddable":true,"href":"https:\/\/eldiariodesanpedro.com.ar\/sitio\/wp-json\/wp\/v2\/categories?post=123143"},{"taxonomy":"post_tag","embeddable":true,"href":"https:\/\/eldiariodesanpedro.com.ar\/sitio\/wp-json\/wp\/v2\/tags?post=123143"}],"curies":[{"name":"wp","href":"https:\/\/api.w.org\/{rel}","templated":true}]}}