{"id":123137,"date":"2023-10-12T10:41:04","date_gmt":"2023-10-12T13:41:04","guid":{"rendered":"https:\/\/eldiariodesanpedro.com.ar\/sitio\/?p=123137"},"modified":"2023-10-12T10:41:07","modified_gmt":"2023-10-12T13:41:07","slug":"invitacion-a-jornada-sobre-trata-y-grooming","status":"publish","type":"post","link":"https:\/\/eldiariodesanpedro.com.ar\/sitio\/invitacion-a-jornada-sobre-trata-y-grooming\/","title":{"rendered":"Invitaci\u00f3n a Jornada sobre Trata y Grooming"},"content":{"rendered":"<!-- VideographyWP Plugin Message: Automatic video embedding prevented by plugin options. -->\n\n<p>Recordamos que este jueves 12, autoridades del Comit\u00e9 Ejecutivo de Lucha contra de la Trata y Explotaci\u00f3n de Personas brindar\u00e1n en San Pedro una charla dirigida especialmente a representantes de organismos del Estado municipal, Provincial y Nacional con sede en la ciudad, as\u00ed como instituciones y organizaciones vinculadas al trabajo en la problem\u00e1tica, en torno a los siguientes temas:<\/p>\n\n\n\n<ul class=\"wp-block-list\">\n<li>Trata y explotaci\u00f3n de personas<\/li>\n\n\n\n<li>Relaci\u00f3n trata y grooming<\/li>\n\n\n\n<li>Herramientas de prevenci\u00f3n y detecci\u00f3n<\/li>\n\n\n\n<li>Protocolos de intervenci\u00f3n<\/li>\n<\/ul>\n\n\n\n<p>La actividad es organizada en conjunto con el CDR San Pedro del Ministerio de Desarrollo Social de la Naci\u00f3n y la Secretar\u00eda de Pol\u00edticas de G\u00e9nero, Mujeres y Diversidad de la Municipalidad de San Pedro.<\/p>\n\n\n\n<p>Tendr\u00e1 lugar desde las 10.00 en el Centro Cultural Abelardo Castillo (25 de Mayo 848).<\/p>\n","protected":false},"excerpt":{"rendered":"<p>Recordamos que este jueves 12, autoridades del Comit\u00e9 Ejecutivo de Lucha contra de la Trata y Explotaci\u00f3n de Personas brindar\u00e1n en San Pedro una charla dirigida especialmente a representantes de organismos del Estado municipal, Provincial y Nacional con sede en la ciudad, as\u00ed como instituciones y organizaciones vinculadas al trabajo en la problem\u00e1tica, en torno [&hellip;]<\/p>\n","protected":false},"author":4,"featured_media":123138,"comment_status":"closed","ping_status":"closed","sticky":false,"template":"","format":"standard","meta":{"om_disable_all_campaigns":false,"_jetpack_memberships_contains_paid_content":false,"footnotes":""},"categories":[50,101,2],"tags":[197,696,19],"class_list":["post-123137","post","type-post","status-publish","format-standard","has-post-thumbnail","hentry","category-destacadas","category-interes-general-locales","category-locales","tag-buenos-aires","tag-interes-general","tag-san-pedro"],"aioseo_notices":[],"gutentor_comment":0,"jetpack_featured_media_url":"https:\/\/eldiariodesanpedro.com.ar\/sitio\/wp-content\/uploads\/2023\/10\/medida-12.png","jetpack_shortlink":"https:\/\/wp.me\/p6RhLt-w25","jetpack_sharing_enabled":true,"_links":{"self":[{"href":"https:\/\/eldiariodesanpedro.com.ar\/sitio\/wp-json\/wp\/v2\/posts\/123137","targetHints":{"allow":["GET"]}}],"collection":[{"href":"https:\/\/eldiariodesanpedro.com.ar\/sitio\/wp-json\/wp\/v2\/posts"}],"about":[{"href":"https:\/\/eldiariodesanpedro.com.ar\/sitio\/wp-json\/wp\/v2\/types\/post"}],"author":[{"embeddable":true,"href":"https:\/\/eldiariodesanpedro.com.ar\/sitio\/wp-json\/wp\/v2\/users\/4"}],"replies":[{"embeddable":true,"href":"https:\/\/eldiariodesanpedro.com.ar\/sitio\/wp-json\/wp\/v2\/comments?post=123137"}],"version-history":[{"count":1,"href":"https:\/\/eldiariodesanpedro.com.ar\/sitio\/wp-json\/wp\/v2\/posts\/123137\/revisions"}],"predecessor-version":[{"id":123139,"href":"https:\/\/eldiariodesanpedro.com.ar\/sitio\/wp-json\/wp\/v2\/posts\/123137\/revisions\/123139"}],"wp:featuredmedia":[{"embeddable":true,"href":"https:\/\/eldiariodesanpedro.com.ar\/sitio\/wp-json\/wp\/v2\/media\/123138"}],"wp:attachment":[{"href":"https:\/\/eldiariodesanpedro.com.ar\/sitio\/wp-json\/wp\/v2\/media?parent=123137"}],"wp:term":[{"taxonomy":"category","embeddable":true,"href":"https:\/\/eldiariodesanpedro.com.ar\/sitio\/wp-json\/wp\/v2\/categories?post=123137"},{"taxonomy":"post_tag","embeddable":true,"href":"https:\/\/eldiariodesanpedro.com.ar\/sitio\/wp-json\/wp\/v2\/tags?post=123137"}],"curies":[{"name":"wp","href":"https:\/\/api.w.org\/{rel}","templated":true}]}}